{"id":10525,"date":"2022-01-10T11:14:00","date_gmt":"2022-01-10T10:14:00","guid":{"rendered":"https:\/\/firmalex.com\/?p=10525"},"modified":"2022-03-05T17:33:06","modified_gmt":"2022-03-05T16:33:06","slug":"reform-des-arbeitsrechts-vertraege-tarifvertraege-und-kurzarbeit","status":"publish","type":"post","link":"https:\/\/firmalex.com\/de\/2022\/01\/10\/reform-des-arbeitsrechts-vertraege-tarifvertraege-und-kurzarbeit\/","title":{"rendered":"Reform des Arbeitsrechts: Vertr\u00e4ge, Tarifvertr\u00e4ge und Kurzarbeit"},"content":{"rendered":"\n<blockquote class=\"wp-block-quote\"><p>Die Regierung billigt die neue Arbeitsreform und gibt den Unternehmen drei Monate Zeit, um ihre Zeitvertr\u00e4ge bis zum 30. M\u00e4rz anzupassen.<\/p><\/blockquote>\n\n\n\n<p>Die im Dezember letzten Jahres vom Ministerrat verabschiedete Arbeitsreform zielt darauf ab, befristeten Vertr\u00e4gen ein Ende zu setzen, das Gleichgewicht bei den Tarifverhandlungen wiederherzustellen und Kurzarbeit (ERTE) in die allgemeine Gesetzgebung aufzunehmen, die an die Stelle der bei Pandemien verwendeten Vertr\u00e4ge treten, jedoch alles mit demselben Ziel: Entlassungen zu vermeiden.<\/p>\n\n\n\n<p><strong>Befristete Vertr\u00e4ge<\/strong><\/p>\n\n\n\n<p>F\u00fcr Werk- oder Dienstvertr\u00e4ge und befristete Vertr\u00e4ge f\u00fcr Umst\u00e4nde der Produktion, die zwischen dem 31. Dezember 2021 und dem 30. M\u00e4rz 2022 abgeschlossen werden, gelten die zum Zeitpunkt ihres Abschlusses geltenden gesetzlichen Bestimmungen, wobei ihre Laufzeit sechs Monate nicht \u00fcberschreiten darf.<\/p>\n\n\n\n<p>Werden diese Vertr\u00e4ge vor dem 31. Dezember abgeschlossen, gelten sie ebenso wie die unbefristeten Vertr\u00e4ge f\u00fcr Bauarbeiter bis zu ihrer H\u00f6chstdauer.<\/p>\n\n\n\n<p>Die Reform, die das Ergebnis einer Vereinbarung zwischen der Regierung und den Sozialpartnern ist, sieht vor, dass der normale Arbeitsvertrag unbefristet ist und dass befristete Vertr\u00e4ge nur aus ganz bestimmten Gr\u00fcnden abgeschlossen werden k\u00f6nnen: f\u00fcr bestimmte (vorhersehbare oder unvorhersehbare) Produktionsumst\u00e4nde und zur Ersetzung eines anderen Arbeitnehmers mit Arbeitsplatzreservierung.<\/p>\n\n\n\n<p>Auf diese Weise wird der Werk- oder Dienstvertrag, der in einigen F\u00e4llen befristete Vertr\u00e4ge von bis zu vier Jahren erlaubte, aus dem Arbeitsrecht gestrichen.<\/p>\n\n\n\n<p><strong>Ausbildungsvertr\u00e4ge<\/strong><\/p>\n\n\n\n<p>Gleichzeitig st\u00e4rkt die Reform die Definition und die Kausalit\u00e4t des Ausbildungsvertrags, indem sie zwei Arten von Vertr\u00e4gen anbietet: den alternierenden Ausbildungsvertrag, der Arbeit und Ausbildung kombiniert, und den Vertrag zum Erwerb von Berufspraxis.<\/p>\n\n\n\n<p><strong>Der unbefristete-diskontinuierliche Vertrag<\/strong><\/p>\n\n\n\n<p>Die Begrenzung der befristeten Vertr\u00e4ge soll die Nutzung des unbefristeten diskontinuierlichen Vertrags (bei dem ein Arbeitnehmer nicht das ganze Jahr \u00fcber arbeitet) f\u00fcr saisonale Aufgaben f\u00f6rdern. Dar\u00fcber hinaus sieht der neue Text vor, dass die Betriebszugeh\u00f6rigkeit dieser Arbeitnehmer f\u00fcr die gesamte Dauer ihres Arbeitsverh\u00e4ltnisses gez\u00e4hlt wird und nicht nur f\u00fcr die Zeiten, in denen sie gearbeitet haben.<\/p>\n\n\n\n<p><strong>Kollektivvereinbarungen<\/strong><\/p>\n\n\n\n<p>Die Verordnung stellt die volle &#8222;Ultra-G\u00fcltigkeit&#8220; von Tarifvertr\u00e4gen wieder her, so dass sie ohne zeitliche Begrenzung verl\u00e4ngert werden, bis sie durch neue ersetzt werden.<\/p>\n\n\n\n<p>Au\u00dferdem wird der Vorrang des Branchentarifvertrags vor dem Firmentarifvertrag wiederhergestellt.<\/p>\n\n\n\n<p><strong>Wie wird die Kurzarbeit (ERTE) nach der Arbeitsreform aussehen?<\/strong><\/p>\n\n\n\n<p>Die Verordnung st\u00e4rkt auch die Verfahren f\u00fcr Kurzarbeit und vor\u00fcbergehende Entlassungen (ERTEs), um Massenentlassungen zu vermeiden. So wird das allgemeine Arbeitsrecht die ERTEs, die w\u00e4hrend der Pandemie massiv genutzt wurden, mit gr\u00f6\u00dferen Erleichterungen f\u00fcr ihre Bearbeitung einschlie\u00dfen und neue unter dem Namen RED-Mechanismus schaffen, um auf konjunkturelle oder sektorale Krisen zu reagieren.<\/p>\n\n\n\n<p><strong>Der RED-Mechanismus<\/strong> Zus\u00e4tzlich zu den ERTEs k\u00f6nnen Unternehmen in Krisensituationen den RED-Mechanismus f\u00fcr Besch\u00e4ftigungsflexibilit\u00e4t und -stabilisierung nutzen, der zwei Modalit\u00e4ten vorsieht: eine konjunkturelle, wenn eine makro\u00f6konomische Situation die Anwendung von Stabilisierungsinstrumenten ratsam macht, und eine sektorale, die Unternehmen nutzen k\u00f6nnen, wenn ein Sektor Ver\u00e4nderungen erf\u00e4hrt, die eine Umschulung und einen beruflichen \u00dcbergang erforderlich machen.<\/p>\n\n\n\n<p><strong>Kl\u00e4ren Sie Ihre Zweifel<\/strong><\/p>\n\n\n\n<p>&#x2705; Unsere Mitarbeiter sprechen flie\u00dfend Spanisch, Valencianisch, Englisch und Deutsch, so dass Sie mit uns in Ihrer eigenen Sprache kommunizieren k\u00f6nnen und so Ihre Fragen klar l\u00f6sen k\u00f6nnen.<\/p>\n\n\n\n<p>&#x1f4cd; Denia \u2013 Plaza del Convento, 6 \u2013 Zwischengeschoss pta. B<br>&#x1f4cd; Valencia \u2013 Calle Creu Roja, 1 \u2013 Block 6, Etage 1, T\u00fcr 10 (*nur mit vorheriger Zitierung)<\/p>\n\n\n\n<p>&#x2709;&#x1f4de;Kontakt: <a href=\"mailto:info@firmalex.com\" target=\"_blank\" rel=\"noreferrer noopener\">info@firmalex.com<\/a> \u2013 Tel. <a href=\"tel:+34966421416\" target=\"_blank\" rel=\"noreferrer noopener\">+34 966 421 416<\/a> \u2013 Whatsapp <a href=\"https:\/\/wa.me\/34622497615\" target=\"_blank\" rel=\"noreferrer noopener\">+34 622 497 615<\/a><\/p>\n\n\n\n<p>Folgen Sie uns: <a href=\"https:\/\/www.facebook.com\/FIRMALEXcom\" target=\"_blank\" rel=\"noreferrer noopener\">Facebook<\/a> &#8211; <a href=\"https:\/\/www.linkedin.com\/company\/firmalexcom\/\" target=\"_blank\" rel=\"noreferrer noopener\">LinkedIn<\/a><\/p>\n","protected":false},"excerpt":{"rendered":"<p>Die Regierung billigt die neue Arbeitsreform und gibt den Unternehmen drei Monate Zeit, um ihre Zeitvertr\u00e4ge bis zum 30. M\u00e4rz anzupassen. Die im Dezember letzten Jahres vom Ministerrat verabschiedete Arbeitsreform zielt darauf ab, befristeten Vertr\u00e4gen ein Ende zu setzen, das Gleichgewicht bei den Tarifverhandlungen wiederherzustellen und Kurzarbeit (ERTE) in die allgemeine Gesetzgebung aufzunehmen, die an [&hellip;]<\/p>\n","protected":false},"author":2,"featured_media":10530,"comment_status":"closed","ping_status":"open","sticky":false,"template":"","format":"standard","meta":{"footnotes":""},"categories":[241,212,235],"tags":[],"yoast_head":"<!-- This site is optimized with the Yoast SEO plugin v23.5 - https:\/\/yoast.com\/wordpress\/plugins\/seo\/ -->\n<title>Reform des Arbeitsrechts: Vertr\u00e4ge, Tarifvertr\u00e4ge und Kurzarbeit - FIRMALEX<\/title>\n<meta name=\"robots\" content=\"index, follow, max-snippet:-1, max-image-preview:large, max-video-preview:-1\" \/>\n<link rel=\"canonical\" href=\"https:\/\/firmalex.com\/de\/2022\/01\/10\/reform-des-arbeitsrechts-vertraege-tarifvertraege-und-kurzarbeit\/\" \/>\n<meta property=\"og:locale\" content=\"de_DE\" \/>\n<meta property=\"og:type\" content=\"article\" \/>\n<meta property=\"og:title\" content=\"Reform des Arbeitsrechts: Vertr\u00e4ge, Tarifvertr\u00e4ge und Kurzarbeit - FIRMALEX\" \/>\n<meta property=\"og:description\" content=\"Die Regierung billigt die neue Arbeitsreform und gibt den Unternehmen drei Monate Zeit, um ihre Zeitvertr\u00e4ge bis zum 30. M\u00e4rz anzupassen. Die im Dezember letzten Jahres vom Ministerrat verabschiedete Arbeitsreform zielt darauf ab, befristeten Vertr\u00e4gen ein Ende zu setzen, das Gleichgewicht bei den Tarifverhandlungen wiederherzustellen und Kurzarbeit (ERTE) in die allgemeine Gesetzgebung aufzunehmen, die an [&hellip;]\" \/>\n<meta property=\"og:url\" content=\"https:\/\/firmalex.com\/de\/2022\/01\/10\/reform-des-arbeitsrechts-vertraege-tarifvertraege-und-kurzarbeit\/\" \/>\n<meta property=\"og:site_name\" content=\"FIRMALEX\" \/>\n<meta property=\"article:published_time\" content=\"2022-01-10T10:14:00+00:00\" \/>\n<meta property=\"article:modified_time\" content=\"2022-03-05T16:33:06+00:00\" \/>\n<meta property=\"og:image\" content=\"https:\/\/firmalex.com\/wp-content\/uploads\/2022\/01\/reform-arbeitsrechts-vertrage-tarifvertrage-kurzarbeit.jpg\" \/>\n\t<meta property=\"og:image:width\" content=\"820\" \/>\n\t<meta property=\"og:image:height\" content=\"315\" \/>\n\t<meta property=\"og:image:type\" content=\"image\/jpeg\" \/>\n<meta name=\"author\" content=\"Firmalex\" \/>\n<meta name=\"twitter:card\" content=\"summary_large_image\" \/>\n<meta name=\"twitter:label1\" content=\"Verfasst von\" \/>\n\t<meta name=\"twitter:data1\" content=\"Firmalex\" \/>\n\t<meta name=\"twitter:label2\" content=\"Gesch\u00e4tzte Lesezeit\" \/>\n\t<meta name=\"twitter:data2\" content=\"3\u00a0Minuten\" \/>\n<script type=\"application\/ld+json\" class=\"yoast-schema-graph\">{\"@context\":\"https:\/\/schema.org\",\"@graph\":[{\"@type\":\"Article\",\"@id\":\"https:\/\/firmalex.com\/de\/2022\/01\/10\/reform-des-arbeitsrechts-vertraege-tarifvertraege-und-kurzarbeit\/#article\",\"isPartOf\":{\"@id\":\"https:\/\/firmalex.com\/de\/2022\/01\/10\/reform-des-arbeitsrechts-vertraege-tarifvertraege-und-kurzarbeit\/\"},\"author\":{\"name\":\"Firmalex\",\"@id\":\"https:\/\/firmalex.com\/#\/schema\/person\/910549a246ed3ba83a193ed7ecbb51d2\"},\"headline\":\"Reform des Arbeitsrechts: Vertr\u00e4ge, Tarifvertr\u00e4ge und Kurzarbeit\",\"datePublished\":\"2022-01-10T10:14:00+00:00\",\"dateModified\":\"2022-03-05T16:33:06+00:00\",\"mainEntityOfPage\":{\"@id\":\"https:\/\/firmalex.com\/de\/2022\/01\/10\/reform-des-arbeitsrechts-vertraege-tarifvertraege-und-kurzarbeit\/\"},\"wordCount\":588,\"publisher\":{\"@id\":\"https:\/\/firmalex.com\/#organization\"},\"image\":{\"@id\":\"https:\/\/firmalex.com\/de\/2022\/01\/10\/reform-des-arbeitsrechts-vertraege-tarifvertraege-und-kurzarbeit\/#primaryimage\"},\"thumbnailUrl\":\"https:\/\/firmalex.com\/wp-content\/uploads\/2022\/01\/reform-arbeitsrechts-vertrage-tarifvertrage-kurzarbeit.jpg\",\"articleSection\":[\"Arbeitsberatung\",\"Neueste Artikel\",\"Unternehmensberatung\"],\"inLanguage\":\"de\"},{\"@type\":\"WebPage\",\"@id\":\"https:\/\/firmalex.com\/de\/2022\/01\/10\/reform-des-arbeitsrechts-vertraege-tarifvertraege-und-kurzarbeit\/\",\"url\":\"https:\/\/firmalex.com\/de\/2022\/01\/10\/reform-des-arbeitsrechts-vertraege-tarifvertraege-und-kurzarbeit\/\",\"name\":\"Reform des Arbeitsrechts: Vertr\u00e4ge, Tarifvertr\u00e4ge und Kurzarbeit - FIRMALEX\",\"isPartOf\":{\"@id\":\"https:\/\/firmalex.com\/#website\"},\"primaryImageOfPage\":{\"@id\":\"https:\/\/firmalex.com\/de\/2022\/01\/10\/reform-des-arbeitsrechts-vertraege-tarifvertraege-und-kurzarbeit\/#primaryimage\"},\"image\":{\"@id\":\"https:\/\/firmalex.com\/de\/2022\/01\/10\/reform-des-arbeitsrechts-vertraege-tarifvertraege-und-kurzarbeit\/#primaryimage\"},\"thumbnailUrl\":\"https:\/\/firmalex.com\/wp-content\/uploads\/2022\/01\/reform-arbeitsrechts-vertrage-tarifvertrage-kurzarbeit.jpg\",\"datePublished\":\"2022-01-10T10:14:00+00:00\",\"dateModified\":\"2022-03-05T16:33:06+00:00\",\"breadcrumb\":{\"@id\":\"https:\/\/firmalex.com\/de\/2022\/01\/10\/reform-des-arbeitsrechts-vertraege-tarifvertraege-und-kurzarbeit\/#breadcrumb\"},\"inLanguage\":\"de\",\"potentialAction\":[{\"@type\":\"ReadAction\",\"target\":[\"https:\/\/firmalex.com\/de\/2022\/01\/10\/reform-des-arbeitsrechts-vertraege-tarifvertraege-und-kurzarbeit\/\"]}]},{\"@type\":\"ImageObject\",\"inLanguage\":\"de\",\"@id\":\"https:\/\/firmalex.com\/de\/2022\/01\/10\/reform-des-arbeitsrechts-vertraege-tarifvertraege-und-kurzarbeit\/#primaryimage\",\"url\":\"https:\/\/firmalex.com\/wp-content\/uploads\/2022\/01\/reform-arbeitsrechts-vertrage-tarifvertrage-kurzarbeit.jpg\",\"contentUrl\":\"https:\/\/firmalex.com\/wp-content\/uploads\/2022\/01\/reform-arbeitsrechts-vertrage-tarifvertrage-kurzarbeit.jpg\",\"width\":820,\"height\":315},{\"@type\":\"BreadcrumbList\",\"@id\":\"https:\/\/firmalex.com\/de\/2022\/01\/10\/reform-des-arbeitsrechts-vertraege-tarifvertraege-und-kurzarbeit\/#breadcrumb\",\"itemListElement\":[{\"@type\":\"ListItem\",\"position\":1,\"name\":\"Portada\",\"item\":\"https:\/\/firmalex.com\/de\/\"},{\"@type\":\"ListItem\",\"position\":2,\"name\":\"Reform des Arbeitsrechts: Vertr\u00e4ge, Tarifvertr\u00e4ge und Kurzarbeit\"}]},{\"@type\":\"WebSite\",\"@id\":\"https:\/\/firmalex.com\/#website\",\"url\":\"https:\/\/firmalex.com\/\",\"name\":\"FIRMALEX\",\"description\":\"Rechts-, Steuer-, Arbeits-, Buchhaltungs- und Unternehmensberatung in Denia (Alicante) und Valencia [Spanien]. Anwalt und Steuerberater.\",\"publisher\":{\"@id\":\"https:\/\/firmalex.com\/#organization\"},\"potentialAction\":[{\"@type\":\"SearchAction\",\"target\":{\"@type\":\"EntryPoint\",\"urlTemplate\":\"https:\/\/firmalex.com\/?s={search_term_string}\"},\"query-input\":{\"@type\":\"PropertyValueSpecification\",\"valueRequired\":true,\"valueName\":\"search_term_string\"}}],\"inLanguage\":\"de\"},{\"@type\":\"Organization\",\"@id\":\"https:\/\/firmalex.com\/#organization\",\"name\":\"Firmalex\",\"url\":\"https:\/\/firmalex.com\/\",\"logo\":{\"@type\":\"ImageObject\",\"inLanguage\":\"de\",\"@id\":\"https:\/\/firmalex.com\/#\/schema\/logo\/image\/\",\"url\":\"https:\/\/firmalex.com\/wp-content\/uploads\/2015\/02\/logo.jpg\",\"contentUrl\":\"https:\/\/firmalex.com\/wp-content\/uploads\/2015\/02\/logo.jpg\",\"width\":371,\"height\":161,\"caption\":\"Firmalex\"},\"image\":{\"@id\":\"https:\/\/firmalex.com\/#\/schema\/logo\/image\/\"}},{\"@type\":\"Person\",\"@id\":\"https:\/\/firmalex.com\/#\/schema\/person\/910549a246ed3ba83a193ed7ecbb51d2\",\"name\":\"Firmalex\",\"image\":{\"@type\":\"ImageObject\",\"inLanguage\":\"de\",\"@id\":\"https:\/\/firmalex.com\/#\/schema\/person\/image\/\",\"url\":\"https:\/\/secure.gravatar.com\/avatar\/7f6db6b06d3c80b6856de62666826e8b?s=96&d=blank&r=g\",\"contentUrl\":\"https:\/\/secure.gravatar.com\/avatar\/7f6db6b06d3c80b6856de62666826e8b?s=96&d=blank&r=g\",\"caption\":\"Firmalex\"},\"sameAs\":[\"https:\/\/firmalex.com\"]}]}<\/script>\n<!-- \/ Yoast SEO plugin. -->","yoast_head_json":{"title":"Reform des Arbeitsrechts: Vertr\u00e4ge, Tarifvertr\u00e4ge und Kurzarbeit - FIRMALEX","robots":{"index":"index","follow":"follow","max-snippet":"max-snippet:-1","max-image-preview":"max-image-preview:large","max-video-preview":"max-video-preview:-1"},"canonical":"https:\/\/firmalex.com\/de\/2022\/01\/10\/reform-des-arbeitsrechts-vertraege-tarifvertraege-und-kurzarbeit\/","og_locale":"de_DE","og_type":"article","og_title":"Reform des Arbeitsrechts: Vertr\u00e4ge, Tarifvertr\u00e4ge und Kurzarbeit - FIRMALEX","og_description":"Die Regierung billigt die neue Arbeitsreform und gibt den Unternehmen drei Monate Zeit, um ihre Zeitvertr\u00e4ge bis zum 30. M\u00e4rz anzupassen. Die im Dezember letzten Jahres vom Ministerrat verabschiedete Arbeitsreform zielt darauf ab, befristeten Vertr\u00e4gen ein Ende zu setzen, das Gleichgewicht bei den Tarifverhandlungen wiederherzustellen und Kurzarbeit (ERTE) in die allgemeine Gesetzgebung aufzunehmen, die an [&hellip;]","og_url":"https:\/\/firmalex.com\/de\/2022\/01\/10\/reform-des-arbeitsrechts-vertraege-tarifvertraege-und-kurzarbeit\/","og_site_name":"FIRMALEX","article_published_time":"2022-01-10T10:14:00+00:00","article_modified_time":"2022-03-05T16:33:06+00:00","og_image":[{"width":820,"height":315,"url":"https:\/\/firmalex.com\/wp-content\/uploads\/2022\/01\/reform-arbeitsrechts-vertrage-tarifvertrage-kurzarbeit.jpg","type":"image\/jpeg"}],"author":"Firmalex","twitter_card":"summary_large_image","twitter_misc":{"Verfasst von":"Firmalex","Gesch\u00e4tzte Lesezeit":"3\u00a0Minuten"},"schema":{"@context":"https:\/\/schema.org","@graph":[{"@type":"Article","@id":"https:\/\/firmalex.com\/de\/2022\/01\/10\/reform-des-arbeitsrechts-vertraege-tarifvertraege-und-kurzarbeit\/#article","isPartOf":{"@id":"https:\/\/firmalex.com\/de\/2022\/01\/10\/reform-des-arbeitsrechts-vertraege-tarifvertraege-und-kurzarbeit\/"},"author":{"name":"Firmalex","@id":"https:\/\/firmalex.com\/#\/schema\/person\/910549a246ed3ba83a193ed7ecbb51d2"},"headline":"Reform des Arbeitsrechts: Vertr\u00e4ge, Tarifvertr\u00e4ge und Kurzarbeit","datePublished":"2022-01-10T10:14:00+00:00","dateModified":"2022-03-05T16:33:06+00:00","mainEntityOfPage":{"@id":"https:\/\/firmalex.com\/de\/2022\/01\/10\/reform-des-arbeitsrechts-vertraege-tarifvertraege-und-kurzarbeit\/"},"wordCount":588,"publisher":{"@id":"https:\/\/firmalex.com\/#organization"},"image":{"@id":"https:\/\/firmalex.com\/de\/2022\/01\/10\/reform-des-arbeitsrechts-vertraege-tarifvertraege-und-kurzarbeit\/#primaryimage"},"thumbnailUrl":"https:\/\/firmalex.com\/wp-content\/uploads\/2022\/01\/reform-arbeitsrechts-vertrage-tarifvertrage-kurzarbeit.jpg","articleSection":["Arbeitsberatung","Neueste Artikel","Unternehmensberatung"],"inLanguage":"de"},{"@type":"WebPage","@id":"https:\/\/firmalex.com\/de\/2022\/01\/10\/reform-des-arbeitsrechts-vertraege-tarifvertraege-und-kurzarbeit\/","url":"https:\/\/firmalex.com\/de\/2022\/01\/10\/reform-des-arbeitsrechts-vertraege-tarifvertraege-und-kurzarbeit\/","name":"Reform des Arbeitsrechts: Vertr\u00e4ge, Tarifvertr\u00e4ge und Kurzarbeit - FIRMALEX","isPartOf":{"@id":"https:\/\/firmalex.com\/#website"},"primaryImageOfPage":{"@id":"https:\/\/firmalex.com\/de\/2022\/01\/10\/reform-des-arbeitsrechts-vertraege-tarifvertraege-und-kurzarbeit\/#primaryimage"},"image":{"@id":"https:\/\/firmalex.com\/de\/2022\/01\/10\/reform-des-arbeitsrechts-vertraege-tarifvertraege-und-kurzarbeit\/#primaryimage"},"thumbnailUrl":"https:\/\/firmalex.com\/wp-content\/uploads\/2022\/01\/reform-arbeitsrechts-vertrage-tarifvertrage-kurzarbeit.jpg","datePublished":"2022-01-10T10:14:00+00:00","dateModified":"2022-03-05T16:33:06+00:00","breadcrumb":{"@id":"https:\/\/firmalex.com\/de\/2022\/01\/10\/reform-des-arbeitsrechts-vertraege-tarifvertraege-und-kurzarbeit\/#breadcrumb"},"inLanguage":"de","potentialAction":[{"@type":"ReadAction","target":["https:\/\/firmalex.com\/de\/2022\/01\/10\/reform-des-arbeitsrechts-vertraege-tarifvertraege-und-kurzarbeit\/"]}]},{"@type":"ImageObject","inLanguage":"de","@id":"https:\/\/firmalex.com\/de\/2022\/01\/10\/reform-des-arbeitsrechts-vertraege-tarifvertraege-und-kurzarbeit\/#primaryimage","url":"https:\/\/firmalex.com\/wp-content\/uploads\/2022\/01\/reform-arbeitsrechts-vertrage-tarifvertrage-kurzarbeit.jpg","contentUrl":"https:\/\/firmalex.com\/wp-content\/uploads\/2022\/01\/reform-arbeitsrechts-vertrage-tarifvertrage-kurzarbeit.jpg","width":820,"height":315},{"@type":"BreadcrumbList","@id":"https:\/\/firmalex.com\/de\/2022\/01\/10\/reform-des-arbeitsrechts-vertraege-tarifvertraege-und-kurzarbeit\/#breadcrumb","itemListElement":[{"@type":"ListItem","position":1,"name":"Portada","item":"https:\/\/firmalex.com\/de\/"},{"@type":"ListItem","position":2,"name":"Reform des Arbeitsrechts: Vertr\u00e4ge, Tarifvertr\u00e4ge und Kurzarbeit"}]},{"@type":"WebSite","@id":"https:\/\/firmalex.com\/#website","url":"https:\/\/firmalex.com\/","name":"FIRMALEX","description":"Rechts-, Steuer-, Arbeits-, Buchhaltungs- und Unternehmensberatung in Denia (Alicante) und Valencia [Spanien]. Anwalt und Steuerberater.","publisher":{"@id":"https:\/\/firmalex.com\/#organization"},"potentialAction":[{"@type":"SearchAction","target":{"@type":"EntryPoint","urlTemplate":"https:\/\/firmalex.com\/?s={search_term_string}"},"query-input":{"@type":"PropertyValueSpecification","valueRequired":true,"valueName":"search_term_string"}}],"inLanguage":"de"},{"@type":"Organization","@id":"https:\/\/firmalex.com\/#organization","name":"Firmalex","url":"https:\/\/firmalex.com\/","logo":{"@type":"ImageObject","inLanguage":"de","@id":"https:\/\/firmalex.com\/#\/schema\/logo\/image\/","url":"https:\/\/firmalex.com\/wp-content\/uploads\/2015\/02\/logo.jpg","contentUrl":"https:\/\/firmalex.com\/wp-content\/uploads\/2015\/02\/logo.jpg","width":371,"height":161,"caption":"Firmalex"},"image":{"@id":"https:\/\/firmalex.com\/#\/schema\/logo\/image\/"}},{"@type":"Person","@id":"https:\/\/firmalex.com\/#\/schema\/person\/910549a246ed3ba83a193ed7ecbb51d2","name":"Firmalex","image":{"@type":"ImageObject","inLanguage":"de","@id":"https:\/\/firmalex.com\/#\/schema\/person\/image\/","url":"https:\/\/secure.gravatar.com\/avatar\/7f6db6b06d3c80b6856de62666826e8b?s=96&d=blank&r=g","contentUrl":"https:\/\/secure.gravatar.com\/avatar\/7f6db6b06d3c80b6856de62666826e8b?s=96&d=blank&r=g","caption":"Firmalex"},"sameAs":["https:\/\/firmalex.com"]}]}},"_links":{"self":[{"href":"https:\/\/firmalex.com\/de\/wp-json\/wp\/v2\/posts\/10525"}],"collection":[{"href":"https:\/\/firmalex.com\/de\/wp-json\/wp\/v2\/posts"}],"about":[{"href":"https:\/\/firmalex.com\/de\/wp-json\/wp\/v2\/types\/post"}],"author":[{"embeddable":true,"href":"https:\/\/firmalex.com\/de\/wp-json\/wp\/v2\/users\/2"}],"replies":[{"embeddable":true,"href":"https:\/\/firmalex.com\/de\/wp-json\/wp\/v2\/comments?post=10525"}],"version-history":[{"count":5,"href":"https:\/\/firmalex.com\/de\/wp-json\/wp\/v2\/posts\/10525\/revisions"}],"predecessor-version":[{"id":10536,"href":"https:\/\/firmalex.com\/de\/wp-json\/wp\/v2\/posts\/10525\/revisions\/10536"}],"wp:featuredmedia":[{"embeddable":true,"href":"https:\/\/firmalex.com\/de\/wp-json\/wp\/v2\/media\/10530"}],"wp:attachment":[{"href":"https:\/\/firmalex.com\/de\/wp-json\/wp\/v2\/media?parent=10525"}],"wp:term":[{"taxonomy":"category","embeddable":true,"href":"https:\/\/firmalex.com\/de\/wp-json\/wp\/v2\/categories?post=10525"},{"taxonomy":"post_tag","embeddable":true,"href":"https:\/\/firmalex.com\/de\/wp-json\/wp\/v2\/tags?post=10525"}],"curies":[{"name":"wp","href":"https:\/\/api.w.org\/{rel}","templated":true}]}}