{"id":12489,"date":"2023-02-17T13:20:00","date_gmt":"2023-02-17T12:20:00","guid":{"rendered":"https:\/\/firmalex.com\/?p=12489"},"modified":"2023-03-31T13:22:17","modified_gmt":"2023-03-31T12:22:17","slug":"steuerauslaender-mit-betriebsstaette-in-spanien","status":"publish","type":"post","link":"https:\/\/firmalex.com\/de\/2023\/02\/17\/steuerauslaender-mit-betriebsstaette-in-spanien\/","title":{"rendered":"Steuerausl\u00e4nder mit Betriebsst\u00e4tte in Spanien"},"content":{"rendered":"\n<blockquote class=\"wp-block-quote\"><p>Es kann vorkommen, dass eine nat\u00fcrliche oder juristische Person zwar keinen Wohnsitz in Spanien hat, aber eine T\u00e4tigkeit aus\u00fcbt, f\u00fcr deren Aus\u00fcbung eine Betriebsst\u00e4tte erforderlich ist. In diesen F\u00e4llen werden Steuern auf Gebietsfremde mit einer Betriebsst\u00e4tte erhoben, die \u00c4hnlichkeiten in Bezug auf die Anwendung von Steuern auf Unternehmen mit Sitz auf spanischem Hoheitsgebiet aufweisen.<\/p><\/blockquote>\n\n\n\n<div id=\"ez-toc-container\" class=\"ez-toc-v2_0_82_2 ez-toc-wrap-center counter-hierarchy ez-toc-counter ez-toc-grey ez-toc-container-direction\">\n<div class=\"ez-toc-title-container\">\n<p class=\"ez-toc-title\" style=\"cursor:inherit\"><\/p>\n<span class=\"ez-toc-title-toggle\"><\/span><\/div>\n<nav><ul class='ez-toc-list ez-toc-list-level-1 ' ><li class='ez-toc-page-1 ez-toc-heading-level-4'><a class=\"ez-toc-link ez-toc-heading-1\" href=\"https:\/\/firmalex.com\/de\/2023\/02\/17\/steuerauslaender-mit-betriebsstaette-in-spanien\/#Was_versteht_man_unter_Betriebsstaette\" >Was versteht man unter Betriebsst\u00e4tte<\/a><\/li><li class='ez-toc-page-1 ez-toc-heading-level-4'><a class=\"ez-toc-link ez-toc-heading-2\" href=\"https:\/\/firmalex.com\/de\/2023\/02\/17\/steuerauslaender-mit-betriebsstaette-in-spanien\/#Steuern_fuer_Gebietsfremde_mit_Betriebsstaette\" >Steuern f\u00fcr Gebietsfremde mit Betriebsst\u00e4tte<\/a><ul class='ez-toc-list-level-5' ><li class='ez-toc-heading-level-5'><a class=\"ez-toc-link ez-toc-heading-3\" href=\"https:\/\/firmalex.com\/de\/2023\/02\/17\/steuerauslaender-mit-betriebsstaette-in-spanien\/#Pflichten_von_Betriebsstaetten\" >Pflichten von Betriebsst\u00e4tten<\/a><\/li><li class='ez-toc-page-1 ez-toc-heading-level-5'><a class=\"ez-toc-link ez-toc-heading-4\" href=\"https:\/\/firmalex.com\/de\/2023\/02\/17\/steuerauslaender-mit-betriebsstaette-in-spanien\/#Zurechenbares_Einkommen_und_Steuerberechnung\" >Zurechenbares Einkommen und Steuerberechnung<\/a><\/li><\/ul><\/li><li class='ez-toc-page-1 ez-toc-heading-level-4'><a class=\"ez-toc-link ez-toc-heading-5\" href=\"https:\/\/firmalex.com\/de\/2023\/02\/17\/steuerauslaender-mit-betriebsstaette-in-spanien\/#Klaeren_Sie_Ihre_Zweifel\" >Kl\u00e4ren Sie Ihre Zweifel<\/a><\/li><\/ul><\/nav><\/div>\n<h4 class=\"wp-block-heading\"><span class=\"ez-toc-section\" id=\"Was_versteht_man_unter_Betriebsstaette\"><\/span>Was versteht man unter Betriebsst\u00e4tte<span class=\"ez-toc-section-end\"><\/span><\/h4>\n\n\n\n<p>Nat\u00fcrliche und juristische Personen, die ihren gew\u00f6hnlichen Aufenthalt nicht in Spanien haben, k\u00f6nnen eine Betriebsst\u00e4tte auf spanischem Hoheitsgebiet haben oder auch nicht.<\/p>\n\n\n\n<p><strong>F\u00e4llen <\/strong>wird davon ausgegangen, dass eine nat\u00fcrliche oder juristische Person eine Betriebsst\u00e4tte in Spanien hat:<\/p>\n\n\n\n<ul><li><strong>Einrichtungen oder Arbeitspl\u00e4tze <\/strong>auf spanischem Hoheitsgebiet haben, an denen die gesamte oder ein Teil der T\u00e4tigkeit kontinuierlich und regelm\u00e4\u00dfig durchgef\u00fchrt wird.<\/li><li><strong>Wenn Sie regelm\u00e4\u00dfig in Spanien \u00fcber einen bevollm\u00e4chtigten Vertreter handeln, <\/strong>den Sie im Namen und im Auftrag einer nichtans\u00e4ssigen nat\u00fcrlichen oder juristischen Person beauftragen.<\/li><\/ul>\n\n\n\n<p>Neben diesen Sachverhalten gelten als Betriebsst\u00e4tten in jedem Fall Verwaltungssitze, Zweigniederlassungen, B\u00fcros, Fabriken, Werkst\u00e4tten, Lager, Gesch\u00e4fte und sonstige Betriebe, Bergwerke, Gas- oder \u00d6lquellen, Steinbr\u00fcche, Land-, Forst- oder Viehwirtschaft und Bauwesen oder Montagearbeiten, wenn ihre Dauer sechs Monate \u00fcberschreitet.<\/p>\n\n\n\n<h4 class=\"wp-block-heading\"><span class=\"ez-toc-section\" id=\"Steuern_fuer_Gebietsfremde_mit_Betriebsstaette\"><\/span>Steuern f\u00fcr Gebietsfremde mit Betriebsst\u00e4tte<span class=\"ez-toc-section-end\"><\/span><\/h4>\n\n\n\n<p>Nat\u00fcrliche und juristische Personen mit einer Betriebsst\u00e4tte haben \u00e4hnlich wie Unternehmen mit Sitz in Spanien formelle und steuerliche Pflichten zu erf\u00fcllen.<\/p>\n\n\n\n<h5 class=\"wp-block-heading\"><span class=\"ez-toc-section\" id=\"Pflichten_von_Betriebsstaetten\"><\/span>Pflichten von Betriebsst\u00e4tten<span class=\"ez-toc-section-end\"><\/span><\/h5>\n\n\n\n<p>Betriebsst\u00e4tten unterliegen <strong>f\u00fcr die von ihnen erzielten Eink\u00fcnfte dem K\u00f6rperschaftsteuer-Quellensteuersystem.<\/strong> Dies bedeutet, dass sie aufgrund der Liquidit\u00e4t dieser Steuer zu den gleichen Bedingungen wie eine andere in Spanien ans\u00e4ssige juristische Person verpflichtet sind, Ratenzahlungen zu leisten.<\/p>\n\n\n\n<p>Dar\u00fcber hinaus sind sie auch <strong>verpflichtet, Einbehaltungen und Vorauszahlungen vorzunehmen, <\/strong>\u00e4hnlich wie dies in spanischem Hoheitsgebiet ans\u00e4ssige Unternehmen tun.<\/p>\n\n\n\n<p>Neben den steuerlichen Pflichten m\u00fcssen Betriebsst\u00e4tten auch einige <strong>formelle Pflichten erf\u00fcllen:<\/strong><\/p>\n\n\n\n<ul><li>Erkl\u00e4rungspflicht bei <strong>Feststellung <\/strong>und Eintragung der entsprechenden Steuerschuld. Dies erfolgt mit dem Muster 200 oder 201 innerhalb von 25 Kalendertagen, die sechs Monate nach Ende des Besteuerungszeitraums folgen.<\/li><li><strong>F\u00fchren Sie die Buchhaltung korrekt <\/strong>und trennen Sie die durchgef\u00fchrten Operationen und die Verm\u00f6genselemente, die von diesen Bewegungen betroffen sind.<\/li><li>Buchhaltungs-, Registrierungs- oder formellen <strong>Verpflichtungen <\/strong>zu erf\u00fcllen, die von Unternehmen verlangt werden, die <strong>gem\u00e4\u00df den K\u00f6rperschaftssteuervorschriften als auf spanischem Hoheitsgebiet ans\u00e4ssig gelten.<\/strong><\/li><\/ul>\n\n\n\n<h5 class=\"wp-block-heading\"><span class=\"ez-toc-section\" id=\"Zurechenbares_Einkommen_und_Steuerberechnung\"><\/span>Zurechenbares Einkommen und Steuerberechnung<span class=\"ez-toc-section-end\"><\/span><\/h5>\n\n\n\n<p><strong>Zur Berechnung der Steuer wird nur das sogenannte zurechenbare Einkommen verwendet, <\/strong>d. h. das erhaltene Einkommen, das in einer der folgenden Annahmen enthalten ist:<\/p>\n\n\n\n<ul><li>Die <strong>Ertr\u00e4ge der wirtschaftlichen T\u00e4tigkeiten <\/strong>oder Nutzungen, die in der Betriebsst\u00e4tte ausge\u00fcbt werden.<\/li><li>Alle <strong>Verm\u00f6gensertr\u00e4ge, <\/strong>die aus Verm\u00f6genselementen erzielt werden, die dieser Einrichtung zugeordnet sind.<\/li><li>Die <strong>Kapitalgewinne und -verluste, <\/strong>die sich aus Verm\u00f6genselementen ergeben, die mit der Betriebsst\u00e4tte verbunden sind.<\/li><\/ul>\n\n\n\n<p>Unter Ber\u00fccksichtigung dieser Situationen wird die Steuerbemessungsgrundlage immer <strong>in \u00dcbereinstimmung mit den Bestimmungen bestimmt, die von der allgemeinen K\u00f6rperschaftsteuerregelung angewendet werden.<\/strong><\/p>\n\n\n\n<p>Der in Artikel 29 des Gesetzes 27\/2014 \u00fcber die K\u00f6rperschaftssteuer festgelegte Steuersatz wird auf die erhaltene Steuerbemessungsgrundlage angewendet. <strong>Der allgemeine Steuersatz f\u00fcr Steuerzahler dieser Steuer betr\u00e4gt 25 Prozent, <\/strong>mit Ausnahme von Unternehmen, deren Nettoumsatz im unmittelbar vorangegangenen Steuerzeitraum weniger als 1 Million Euro betr\u00e4gt, der 23 Prozent betr\u00e4gt.<\/p>\n\n\n\n<p><strong>Wenn die von Betriebsst\u00e4tten gebietsfremder Unternehmen erzielten Eink\u00fcnfte ins Ausland transferiert werden, <\/strong>mit Ausnahme von Unternehmen mit steuerlichem Wohnsitz in Staaten der Europ\u00e4ischen Union und L\u00e4ndern mit einem Abkommen mit Spanien zur Vermeidung der Doppelbesteuerung, sofern eine gegenseitige Behandlung besteht, wird eine <strong>zus\u00e4tzliche Steuer erhoben in H\u00f6he von 19 % <\/strong>auf die \u00fcbertragenen Betr\u00e4ge zu Lasten der Eink\u00fcnfte der Betriebsst\u00e4tte.<\/p>\n\n\n\n<p><strong>Der Besteuerungszeitraum f\u00e4llt mit dem <\/strong>von der Betriebsst\u00e4tte angegebenen Gesch\u00e4ftsjahr zusammen, darf jedoch 12 Monate nicht \u00fcberschreiten. Wenn kein anderer angegeben ist, bezieht sich der Steuerzeitraum auf das Kalenderjahr. Die Steuer f\u00e4llt am letzten Tag des Steuerzeitraums an.<\/p>\n\n\n\n<p>Die Mitteilung des Steuerzeitraums muss in dem Moment erfolgen, in dem die erste Erkl\u00e4rung f\u00fcr diese Steuer vorgelegt werden muss. Steuern f\u00fcr Gebietsfremde mit einer Betriebsst\u00e4tte werden in F\u00e4llen erhoben, in denen die nat\u00fcrliche oder juristische Person \u00fcber Niederlassungen verf\u00fcgt, in denen die wirtschaftliche T\u00e4tigkeit ausge\u00fcbt wird, oder wenn sie in Spanien durch einen bevollm\u00e4chtigten Vertreter handelt. In diesen Situationen sind sie verpflichtet, die entsprechenden Einbehalte vorzunehmen und die Ratenzahlungen der K\u00f6rperschaftsteuer zu leisten, wobei nur das zurechenbare Einkommen verwendet wird.<\/p>\n\n\n\n<h4 class=\"wp-block-heading\"><span class=\"ez-toc-section\" id=\"Klaeren_Sie_Ihre_Zweifel\"><\/span><strong>Kl\u00e4ren Sie Ihre Zweifel<\/strong><span class=\"ez-toc-section-end\"><\/span><\/h4>\n\n\n\n<p>&#x2705; Unsere Mitarbeiter sprechen flie\u00dfend Spanisch, Valencianisch, Englisch und Deutsch, so dass Sie mit uns in Ihrer eigenen Sprache kommunizieren k\u00f6nnen und so Ihre Fragen klar l\u00f6sen k\u00f6nnen.<\/p>\n\n\n\n<p>&#x1f4cd; Denia \u2013 Plaza del Convento, 6 \u2013 Zwischengeschoss pta. B<br>&#x1f4cd; Valencia \u2013 Calle Creu Roja, 1 \u2013 Block 6, Etage 1, T\u00fcr 10 (*nur mit vorheriger Zitierung)<\/p>\n\n\n\n<p>&#x2709;&#x1f4de;Kontakt: <a href=\"mailto:info@firmalex.com\" target=\"_blank\" rel=\"noreferrer noopener\">info@firmalex.com<\/a> \u2013 Tel. <a href=\"tel:+34966421416\" target=\"_blank\" rel=\"noreferrer noopener\">+34 966 421 416<\/a> \u2013 Whatsapp <a href=\"https:\/\/wa.me\/34622497615\" target=\"_blank\" rel=\"noreferrer noopener\">+34 622 497 615<\/a><\/p>\n\n\n\n<p>Folgen Sie uns: <a href=\"https:\/\/www.facebook.com\/FIRMALEXcom\" target=\"_blank\" rel=\"noreferrer noopener\">Facebook<\/a> &#8211; <a href=\"https:\/\/www.linkedin.com\/company\/firmalexcom\/\" target=\"_blank\" rel=\"noreferrer noopener\">LinkedIn<\/a><\/p>\n\n\n\n<p><\/p>\n","protected":false},"excerpt":{"rendered":"<p>Es kann vorkommen, dass eine nat\u00fcrliche oder juristische Person zwar keinen Wohnsitz in Spanien hat, aber eine T\u00e4tigkeit aus\u00fcbt, f\u00fcr deren Aus\u00fcbung eine Betriebsst\u00e4tte erforderlich ist. In diesen F\u00e4llen werden Steuern auf Gebietsfremde mit einer Betriebsst\u00e4tte erhoben, die \u00c4hnlichkeiten in Bezug auf die Anwendung von Steuern auf Unternehmen mit Sitz auf spanischem Hoheitsgebiet aufweisen. Was [&hellip;]<\/p>\n","protected":false},"author":2,"featured_media":12490,"comment_status":"closed","ping_status":"closed","sticky":false,"template":"","format":"standard","meta":{"footnotes":""},"categories":[212,239,243,235],"tags":[],"yoast_head":"<!-- This site is optimized with the Yoast SEO plugin v23.5 - https:\/\/yoast.com\/wordpress\/plugins\/seo\/ -->\n<title>Steuerausl\u00e4nder mit Betriebsst\u00e4tte in Spanien - FIRMALEX<\/title>\n<meta name=\"robots\" content=\"index, follow, max-snippet:-1, max-image-preview:large, max-video-preview:-1\" \/>\n<link rel=\"canonical\" href=\"https:\/\/firmalex.com\/de\/2023\/02\/17\/steuerauslaender-mit-betriebsstaette-in-spanien\/\" \/>\n<meta property=\"og:locale\" content=\"de_DE\" \/>\n<meta property=\"og:type\" content=\"article\" \/>\n<meta property=\"og:title\" content=\"Steuerausl\u00e4nder mit Betriebsst\u00e4tte in Spanien - FIRMALEX\" \/>\n<meta property=\"og:description\" content=\"Es kann vorkommen, dass eine nat\u00fcrliche oder juristische Person zwar keinen Wohnsitz in Spanien hat, aber eine T\u00e4tigkeit aus\u00fcbt, f\u00fcr deren Aus\u00fcbung eine Betriebsst\u00e4tte erforderlich ist. In diesen F\u00e4llen werden Steuern auf Gebietsfremde mit einer Betriebsst\u00e4tte erhoben, die \u00c4hnlichkeiten in Bezug auf die Anwendung von Steuern auf Unternehmen mit Sitz auf spanischem Hoheitsgebiet aufweisen. Was [&hellip;]\" \/>\n<meta property=\"og:url\" content=\"https:\/\/firmalex.com\/de\/2023\/02\/17\/steuerauslaender-mit-betriebsstaette-in-spanien\/\" \/>\n<meta property=\"og:site_name\" content=\"FIRMALEX\" \/>\n<meta property=\"article:published_time\" content=\"2023-02-17T12:20:00+00:00\" \/>\n<meta property=\"article:modified_time\" content=\"2023-03-31T12:22:17+00:00\" \/>\n<meta property=\"og:image\" content=\"https:\/\/firmalex.com\/wp-content\/uploads\/2023\/03\/steuerauslander-mit-betriebsstatte-in-spanien.jpg\" \/>\n\t<meta property=\"og:image:width\" content=\"1200\" \/>\n\t<meta property=\"og:image:height\" content=\"630\" \/>\n\t<meta property=\"og:image:type\" content=\"image\/jpeg\" \/>\n<meta name=\"author\" content=\"Firmalex\" \/>\n<meta name=\"twitter:card\" content=\"summary_large_image\" \/>\n<meta name=\"twitter:label1\" content=\"Verfasst von\" \/>\n\t<meta name=\"twitter:data1\" content=\"Firmalex\" \/>\n\t<meta name=\"twitter:label2\" content=\"Gesch\u00e4tzte Lesezeit\" \/>\n\t<meta name=\"twitter:data2\" content=\"4\u00a0Minuten\" \/>\n<script type=\"application\/ld+json\" class=\"yoast-schema-graph\">{\"@context\":\"https:\/\/schema.org\",\"@graph\":[{\"@type\":\"Article\",\"@id\":\"https:\/\/firmalex.com\/de\/2023\/02\/17\/steuerauslaender-mit-betriebsstaette-in-spanien\/#article\",\"isPartOf\":{\"@id\":\"https:\/\/firmalex.com\/de\/2023\/02\/17\/steuerauslaender-mit-betriebsstaette-in-spanien\/\"},\"author\":{\"name\":\"Firmalex\",\"@id\":\"https:\/\/firmalex.com\/#\/schema\/person\/910549a246ed3ba83a193ed7ecbb51d2\"},\"headline\":\"Steuerausl\u00e4nder mit Betriebsst\u00e4tte in Spanien\",\"datePublished\":\"2023-02-17T12:20:00+00:00\",\"dateModified\":\"2023-03-31T12:22:17+00:00\",\"mainEntityOfPage\":{\"@id\":\"https:\/\/firmalex.com\/de\/2023\/02\/17\/steuerauslaender-mit-betriebsstaette-in-spanien\/\"},\"wordCount\":827,\"publisher\":{\"@id\":\"https:\/\/firmalex.com\/#organization\"},\"image\":{\"@id\":\"https:\/\/firmalex.com\/de\/2023\/02\/17\/steuerauslaender-mit-betriebsstaette-in-spanien\/#primaryimage\"},\"thumbnailUrl\":\"https:\/\/firmalex.com\/wp-content\/uploads\/2023\/03\/steuerauslander-mit-betriebsstatte-in-spanien.jpg\",\"articleSection\":[\"Neueste Artikel\",\"Steuerberatung\",\"Steuern in Spanien\",\"Unternehmensberatung\"],\"inLanguage\":\"de\"},{\"@type\":\"WebPage\",\"@id\":\"https:\/\/firmalex.com\/de\/2023\/02\/17\/steuerauslaender-mit-betriebsstaette-in-spanien\/\",\"url\":\"https:\/\/firmalex.com\/de\/2023\/02\/17\/steuerauslaender-mit-betriebsstaette-in-spanien\/\",\"name\":\"Steuerausl\u00e4nder mit Betriebsst\u00e4tte in Spanien - FIRMALEX\",\"isPartOf\":{\"@id\":\"https:\/\/firmalex.com\/#website\"},\"primaryImageOfPage\":{\"@id\":\"https:\/\/firmalex.com\/de\/2023\/02\/17\/steuerauslaender-mit-betriebsstaette-in-spanien\/#primaryimage\"},\"image\":{\"@id\":\"https:\/\/firmalex.com\/de\/2023\/02\/17\/steuerauslaender-mit-betriebsstaette-in-spanien\/#primaryimage\"},\"thumbnailUrl\":\"https:\/\/firmalex.com\/wp-content\/uploads\/2023\/03\/steuerauslander-mit-betriebsstatte-in-spanien.jpg\",\"datePublished\":\"2023-02-17T12:20:00+00:00\",\"dateModified\":\"2023-03-31T12:22:17+00:00\",\"breadcrumb\":{\"@id\":\"https:\/\/firmalex.com\/de\/2023\/02\/17\/steuerauslaender-mit-betriebsstaette-in-spanien\/#breadcrumb\"},\"inLanguage\":\"de\",\"potentialAction\":[{\"@type\":\"ReadAction\",\"target\":[\"https:\/\/firmalex.com\/de\/2023\/02\/17\/steuerauslaender-mit-betriebsstaette-in-spanien\/\"]}]},{\"@type\":\"ImageObject\",\"inLanguage\":\"de\",\"@id\":\"https:\/\/firmalex.com\/de\/2023\/02\/17\/steuerauslaender-mit-betriebsstaette-in-spanien\/#primaryimage\",\"url\":\"https:\/\/firmalex.com\/wp-content\/uploads\/2023\/03\/steuerauslander-mit-betriebsstatte-in-spanien.jpg\",\"contentUrl\":\"https:\/\/firmalex.com\/wp-content\/uploads\/2023\/03\/steuerauslander-mit-betriebsstatte-in-spanien.jpg\",\"width\":1200,\"height\":630},{\"@type\":\"BreadcrumbList\",\"@id\":\"https:\/\/firmalex.com\/de\/2023\/02\/17\/steuerauslaender-mit-betriebsstaette-in-spanien\/#breadcrumb\",\"itemListElement\":[{\"@type\":\"ListItem\",\"position\":1,\"name\":\"Portada\",\"item\":\"https:\/\/firmalex.com\/de\/\"},{\"@type\":\"ListItem\",\"position\":2,\"name\":\"Steuerausl\u00e4nder mit Betriebsst\u00e4tte in Spanien\"}]},{\"@type\":\"WebSite\",\"@id\":\"https:\/\/firmalex.com\/#website\",\"url\":\"https:\/\/firmalex.com\/\",\"name\":\"FIRMALEX\",\"description\":\"Rechts-, Steuer-, Arbeits-, Buchhaltungs- und Unternehmensberatung in Denia (Alicante) und Valencia [Spanien]. Anwalt und Steuerberater.\",\"publisher\":{\"@id\":\"https:\/\/firmalex.com\/#organization\"},\"potentialAction\":[{\"@type\":\"SearchAction\",\"target\":{\"@type\":\"EntryPoint\",\"urlTemplate\":\"https:\/\/firmalex.com\/?s={search_term_string}\"},\"query-input\":{\"@type\":\"PropertyValueSpecification\",\"valueRequired\":true,\"valueName\":\"search_term_string\"}}],\"inLanguage\":\"de\"},{\"@type\":\"Organization\",\"@id\":\"https:\/\/firmalex.com\/#organization\",\"name\":\"Firmalex\",\"url\":\"https:\/\/firmalex.com\/\",\"logo\":{\"@type\":\"ImageObject\",\"inLanguage\":\"de\",\"@id\":\"https:\/\/firmalex.com\/#\/schema\/logo\/image\/\",\"url\":\"https:\/\/firmalex.com\/wp-content\/uploads\/2015\/02\/logo.jpg\",\"contentUrl\":\"https:\/\/firmalex.com\/wp-content\/uploads\/2015\/02\/logo.jpg\",\"width\":371,\"height\":161,\"caption\":\"Firmalex\"},\"image\":{\"@id\":\"https:\/\/firmalex.com\/#\/schema\/logo\/image\/\"}},{\"@type\":\"Person\",\"@id\":\"https:\/\/firmalex.com\/#\/schema\/person\/910549a246ed3ba83a193ed7ecbb51d2\",\"name\":\"Firmalex\",\"image\":{\"@type\":\"ImageObject\",\"inLanguage\":\"de\",\"@id\":\"https:\/\/firmalex.com\/#\/schema\/person\/image\/\",\"url\":\"https:\/\/secure.gravatar.com\/avatar\/7f6db6b06d3c80b6856de62666826e8b?s=96&d=blank&r=g\",\"contentUrl\":\"https:\/\/secure.gravatar.com\/avatar\/7f6db6b06d3c80b6856de62666826e8b?s=96&d=blank&r=g\",\"caption\":\"Firmalex\"},\"sameAs\":[\"https:\/\/firmalex.com\"]}]}<\/script>\n<!-- \/ Yoast SEO plugin. -->","yoast_head_json":{"title":"Steuerausl\u00e4nder mit Betriebsst\u00e4tte in Spanien - FIRMALEX","robots":{"index":"index","follow":"follow","max-snippet":"max-snippet:-1","max-image-preview":"max-image-preview:large","max-video-preview":"max-video-preview:-1"},"canonical":"https:\/\/firmalex.com\/de\/2023\/02\/17\/steuerauslaender-mit-betriebsstaette-in-spanien\/","og_locale":"de_DE","og_type":"article","og_title":"Steuerausl\u00e4nder mit Betriebsst\u00e4tte in Spanien - FIRMALEX","og_description":"Es kann vorkommen, dass eine nat\u00fcrliche oder juristische Person zwar keinen Wohnsitz in Spanien hat, aber eine T\u00e4tigkeit aus\u00fcbt, f\u00fcr deren Aus\u00fcbung eine Betriebsst\u00e4tte erforderlich ist. In diesen F\u00e4llen werden Steuern auf Gebietsfremde mit einer Betriebsst\u00e4tte erhoben, die \u00c4hnlichkeiten in Bezug auf die Anwendung von Steuern auf Unternehmen mit Sitz auf spanischem Hoheitsgebiet aufweisen. Was [&hellip;]","og_url":"https:\/\/firmalex.com\/de\/2023\/02\/17\/steuerauslaender-mit-betriebsstaette-in-spanien\/","og_site_name":"FIRMALEX","article_published_time":"2023-02-17T12:20:00+00:00","article_modified_time":"2023-03-31T12:22:17+00:00","og_image":[{"width":1200,"height":630,"url":"https:\/\/firmalex.com\/wp-content\/uploads\/2023\/03\/steuerauslander-mit-betriebsstatte-in-spanien.jpg","type":"image\/jpeg"}],"author":"Firmalex","twitter_card":"summary_large_image","twitter_misc":{"Verfasst von":"Firmalex","Gesch\u00e4tzte Lesezeit":"4\u00a0Minuten"},"schema":{"@context":"https:\/\/schema.org","@graph":[{"@type":"Article","@id":"https:\/\/firmalex.com\/de\/2023\/02\/17\/steuerauslaender-mit-betriebsstaette-in-spanien\/#article","isPartOf":{"@id":"https:\/\/firmalex.com\/de\/2023\/02\/17\/steuerauslaender-mit-betriebsstaette-in-spanien\/"},"author":{"name":"Firmalex","@id":"https:\/\/firmalex.com\/#\/schema\/person\/910549a246ed3ba83a193ed7ecbb51d2"},"headline":"Steuerausl\u00e4nder mit Betriebsst\u00e4tte in Spanien","datePublished":"2023-02-17T12:20:00+00:00","dateModified":"2023-03-31T12:22:17+00:00","mainEntityOfPage":{"@id":"https:\/\/firmalex.com\/de\/2023\/02\/17\/steuerauslaender-mit-betriebsstaette-in-spanien\/"},"wordCount":827,"publisher":{"@id":"https:\/\/firmalex.com\/#organization"},"image":{"@id":"https:\/\/firmalex.com\/de\/2023\/02\/17\/steuerauslaender-mit-betriebsstaette-in-spanien\/#primaryimage"},"thumbnailUrl":"https:\/\/firmalex.com\/wp-content\/uploads\/2023\/03\/steuerauslander-mit-betriebsstatte-in-spanien.jpg","articleSection":["Neueste Artikel","Steuerberatung","Steuern in Spanien","Unternehmensberatung"],"inLanguage":"de"},{"@type":"WebPage","@id":"https:\/\/firmalex.com\/de\/2023\/02\/17\/steuerauslaender-mit-betriebsstaette-in-spanien\/","url":"https:\/\/firmalex.com\/de\/2023\/02\/17\/steuerauslaender-mit-betriebsstaette-in-spanien\/","name":"Steuerausl\u00e4nder mit Betriebsst\u00e4tte in Spanien - FIRMALEX","isPartOf":{"@id":"https:\/\/firmalex.com\/#website"},"primaryImageOfPage":{"@id":"https:\/\/firmalex.com\/de\/2023\/02\/17\/steuerauslaender-mit-betriebsstaette-in-spanien\/#primaryimage"},"image":{"@id":"https:\/\/firmalex.com\/de\/2023\/02\/17\/steuerauslaender-mit-betriebsstaette-in-spanien\/#primaryimage"},"thumbnailUrl":"https:\/\/firmalex.com\/wp-content\/uploads\/2023\/03\/steuerauslander-mit-betriebsstatte-in-spanien.jpg","datePublished":"2023-02-17T12:20:00+00:00","dateModified":"2023-03-31T12:22:17+00:00","breadcrumb":{"@id":"https:\/\/firmalex.com\/de\/2023\/02\/17\/steuerauslaender-mit-betriebsstaette-in-spanien\/#breadcrumb"},"inLanguage":"de","potentialAction":[{"@type":"ReadAction","target":["https:\/\/firmalex.com\/de\/2023\/02\/17\/steuerauslaender-mit-betriebsstaette-in-spanien\/"]}]},{"@type":"ImageObject","inLanguage":"de","@id":"https:\/\/firmalex.com\/de\/2023\/02\/17\/steuerauslaender-mit-betriebsstaette-in-spanien\/#primaryimage","url":"https:\/\/firmalex.com\/wp-content\/uploads\/2023\/03\/steuerauslander-mit-betriebsstatte-in-spanien.jpg","contentUrl":"https:\/\/firmalex.com\/wp-content\/uploads\/2023\/03\/steuerauslander-mit-betriebsstatte-in-spanien.jpg","width":1200,"height":630},{"@type":"BreadcrumbList","@id":"https:\/\/firmalex.com\/de\/2023\/02\/17\/steuerauslaender-mit-betriebsstaette-in-spanien\/#breadcrumb","itemListElement":[{"@type":"ListItem","position":1,"name":"Portada","item":"https:\/\/firmalex.com\/de\/"},{"@type":"ListItem","position":2,"name":"Steuerausl\u00e4nder mit Betriebsst\u00e4tte in Spanien"}]},{"@type":"WebSite","@id":"https:\/\/firmalex.com\/#website","url":"https:\/\/firmalex.com\/","name":"FIRMALEX","description":"Rechts-, Steuer-, Arbeits-, Buchhaltungs- und Unternehmensberatung in Denia (Alicante) und Valencia [Spanien]. Anwalt und Steuerberater.","publisher":{"@id":"https:\/\/firmalex.com\/#organization"},"potentialAction":[{"@type":"SearchAction","target":{"@type":"EntryPoint","urlTemplate":"https:\/\/firmalex.com\/?s={search_term_string}"},"query-input":{"@type":"PropertyValueSpecification","valueRequired":true,"valueName":"search_term_string"}}],"inLanguage":"de"},{"@type":"Organization","@id":"https:\/\/firmalex.com\/#organization","name":"Firmalex","url":"https:\/\/firmalex.com\/","logo":{"@type":"ImageObject","inLanguage":"de","@id":"https:\/\/firmalex.com\/#\/schema\/logo\/image\/","url":"https:\/\/firmalex.com\/wp-content\/uploads\/2015\/02\/logo.jpg","contentUrl":"https:\/\/firmalex.com\/wp-content\/uploads\/2015\/02\/logo.jpg","width":371,"height":161,"caption":"Firmalex"},"image":{"@id":"https:\/\/firmalex.com\/#\/schema\/logo\/image\/"}},{"@type":"Person","@id":"https:\/\/firmalex.com\/#\/schema\/person\/910549a246ed3ba83a193ed7ecbb51d2","name":"Firmalex","image":{"@type":"ImageObject","inLanguage":"de","@id":"https:\/\/firmalex.com\/#\/schema\/person\/image\/","url":"https:\/\/secure.gravatar.com\/avatar\/7f6db6b06d3c80b6856de62666826e8b?s=96&d=blank&r=g","contentUrl":"https:\/\/secure.gravatar.com\/avatar\/7f6db6b06d3c80b6856de62666826e8b?s=96&d=blank&r=g","caption":"Firmalex"},"sameAs":["https:\/\/firmalex.com"]}]}},"_links":{"self":[{"href":"https:\/\/firmalex.com\/de\/wp-json\/wp\/v2\/posts\/12489"}],"collection":[{"href":"https:\/\/firmalex.com\/de\/wp-json\/wp\/v2\/posts"}],"about":[{"href":"https:\/\/firmalex.com\/de\/wp-json\/wp\/v2\/types\/post"}],"author":[{"embeddable":true,"href":"https:\/\/firmalex.com\/de\/wp-json\/wp\/v2\/users\/2"}],"replies":[{"embeddable":true,"href":"https:\/\/firmalex.com\/de\/wp-json\/wp\/v2\/comments?post=12489"}],"version-history":[{"count":1,"href":"https:\/\/firmalex.com\/de\/wp-json\/wp\/v2\/posts\/12489\/revisions"}],"predecessor-version":[{"id":12493,"href":"https:\/\/firmalex.com\/de\/wp-json\/wp\/v2\/posts\/12489\/revisions\/12493"}],"wp:featuredmedia":[{"embeddable":true,"href":"https:\/\/firmalex.com\/de\/wp-json\/wp\/v2\/media\/12490"}],"wp:attachment":[{"href":"https:\/\/firmalex.com\/de\/wp-json\/wp\/v2\/media?parent=12489"}],"wp:term":[{"taxonomy":"category","embeddable":true,"href":"https:\/\/firmalex.com\/de\/wp-json\/wp\/v2\/categories?post=12489"},{"taxonomy":"post_tag","embeddable":true,"href":"https:\/\/firmalex.com\/de\/wp-json\/wp\/v2\/tags?post=12489"}],"curies":[{"name":"wp","href":"https:\/\/api.w.org\/{rel}","templated":true}]}}