{"id":12997,"date":"2023-11-03T19:28:00","date_gmt":"2023-11-03T18:28:00","guid":{"rendered":"https:\/\/firmalex.com\/?p=12997"},"modified":"2023-11-17T19:32:32","modified_gmt":"2023-11-17T18:32:32","slug":"das-650er-modell","status":"publish","type":"post","link":"https:\/\/firmalex.com\/de\/2023\/11\/03\/das-650er-modell\/","title":{"rendered":"Das 650er-Modell"},"content":{"rendered":"\n<blockquote class=\"wp-block-quote\"><p>Ein Modell, das eng mit der Frage von Erbschaften, Erbschaften oder dem Einzug von Betr\u00e4gen f\u00fcr Lebensversicherungsvertr\u00e4ge zusammenh\u00e4ngt, ist das Modell 650. Sowohl Einwohner als auch Nichtans\u00e4ssige m\u00fcssen es vorlegen, sofern sie die Anforderungen erf\u00fcllen und innerhalb der festgelegten Fristen.<\/p><\/blockquote>\n\n\n\n<div id=\"ez-toc-container\" class=\"ez-toc-v2_0_82_2 ez-toc-wrap-center counter-hierarchy ez-toc-counter ez-toc-grey ez-toc-container-direction\">\n<div class=\"ez-toc-title-container\">\n<p class=\"ez-toc-title\" style=\"cursor:inherit\"><\/p>\n<span class=\"ez-toc-title-toggle\"><\/span><\/div>\n<nav><ul class='ez-toc-list ez-toc-list-level-1 ' ><li class='ez-toc-page-1 ez-toc-heading-level-4'><a class=\"ez-toc-link ez-toc-heading-1\" href=\"https:\/\/firmalex.com\/de\/2023\/11\/03\/das-650er-modell\/#Was_ist_das_Modell_650\" >Was ist das Modell 650?<\/a><\/li><li class='ez-toc-page-1 ez-toc-heading-level-4'><a class=\"ez-toc-link ez-toc-heading-2\" href=\"https:\/\/firmalex.com\/de\/2023\/11\/03\/das-650er-modell\/#Zweck_des_Deklarationsmusters_650\" >Zweck des Deklarationsmusters 650<\/a><\/li><li class='ez-toc-page-1 ez-toc-heading-level-4'><a class=\"ez-toc-link ez-toc-heading-3\" href=\"https:\/\/firmalex.com\/de\/2023\/11\/03\/das-650er-modell\/#Anwendungsbereich\" >Anwendungsbereich<\/a><\/li><li class='ez-toc-page-1 ez-toc-heading-level-4'><a class=\"ez-toc-link ez-toc-heading-4\" href=\"https:\/\/firmalex.com\/de\/2023\/11\/03\/das-650er-modell\/#Gezwungen_das_Modell_650_vorzustellen\" >Gezwungen, das Modell 650 vorzustellen<\/a><ul class='ez-toc-list-level-5' ><li class='ez-toc-heading-level-5'><a class=\"ez-toc-link ez-toc-heading-5\" href=\"https:\/\/firmalex.com\/de\/2023\/11\/03\/das-650er-modell\/#Persoenliche_unbeschraenkte_Steuerpflicht\" >Pers\u00f6nliche unbeschr\u00e4nkte Steuerpflicht<\/a><\/li><li class='ez-toc-page-1 ez-toc-heading-level-5'><a class=\"ez-toc-link ez-toc-heading-6\" href=\"https:\/\/firmalex.com\/de\/2023\/11\/03\/das-650er-modell\/#Beschraenkte_Steuerpflicht\" >Beschr\u00e4nkte Steuerpflicht<\/a><\/li><li class='ez-toc-page-1 ez-toc-heading-level-5'><a class=\"ez-toc-link ez-toc-heading-7\" href=\"https:\/\/firmalex.com\/de\/2023\/11\/03\/das-650er-modell\/#Was_versteht_man_unter_gewoehnlichem_Aufenthalt_in_Spanien\" >Was versteht man unter gew\u00f6hnlichem Aufenthalt in Spanien?<\/a><\/li><\/ul><\/li><li class='ez-toc-page-1 ez-toc-heading-level-4'><a class=\"ez-toc-link ez-toc-heading-8\" href=\"https:\/\/firmalex.com\/de\/2023\/11\/03\/das-650er-modell\/#Frist\" >Frist<\/a><\/li><li class='ez-toc-page-1 ez-toc-heading-level-4'><a class=\"ez-toc-link ez-toc-heading-9\" href=\"https:\/\/firmalex.com\/de\/2023\/11\/03\/das-650er-modell\/#So_praesentieren_Sie_das_Modell_650\" >So pr\u00e4sentieren Sie das Modell 650<\/a><\/li><li class='ez-toc-page-1 ez-toc-heading-level-4'><a class=\"ez-toc-link ez-toc-heading-10\" href=\"https:\/\/firmalex.com\/de\/2023\/11\/03\/das-650er-modell\/#Weitere_Informationen\" >Weitere Informationen<\/a><\/li><li class='ez-toc-page-1 ez-toc-heading-level-4'><a class=\"ez-toc-link ez-toc-heading-11\" href=\"https:\/\/firmalex.com\/de\/2023\/11\/03\/das-650er-modell\/#Klaeren_Sie_Ihre_Zweifel\" >Kl\u00e4ren Sie Ihre Zweifel<\/a><\/li><\/ul><\/nav><\/div>\n<h4 class=\"wp-block-heading\"><span class=\"ez-toc-section\" id=\"Was_ist_das_Modell_650\"><\/span>Was ist das Modell 650?<span class=\"ez-toc-section-end\"><\/span><\/h4>\n\n\n\n<p>Das Formular 650 ist die individuelle Selbstveranlagung zur Erbschaftssteuer. Es <strong>identifiziert einen Steuerzahler und berechnet den Betrag, den er zahlen muss, <\/strong>basierend auf den Verm\u00f6genswerten und Rechten, die er erhalten hat.<\/p>\n\n\n\n<p>Es dient <strong>der Darstellung der Gesamtselbstauskunft sowie erg\u00e4nzend <\/strong>zu fr\u00fcheren Pr\u00e4sentationen oder Teilselbstaussch\u00e4tzungen f\u00fcr Folgeabrechnungen.<\/p>\n\n\n\n<h4 class=\"wp-block-heading\"><span class=\"ez-toc-section\" id=\"Zweck_des_Deklarationsmusters_650\"><\/span>Zweck des Deklarationsmusters 650<span class=\"ez-toc-section-end\"><\/span><\/h4>\n\n\n\n<p>Der Zweck dieser Liquidation besteht darin, <strong>den Erwerb von Verm\u00f6genswerten und Rechten durch Erbschaft, Verm\u00e4chtnis oder einen anderen Erbtitel sowie den Erhalt von Betr\u00e4gen durch die Beg\u00fcnstigten von Lebensversicherungsvertr\u00e4gen zu erkl\u00e4ren, <\/strong>wenn der Vertragspartner eine andere Person als der Beg\u00fcnstigte ist.<\/p>\n\n\n\n<h4 class=\"wp-block-heading\"><span class=\"ez-toc-section\" id=\"Anwendungsbereich\"><\/span>Anwendungsbereich<span class=\"ez-toc-section-end\"><\/span><\/h4>\n\n\n\n<p>Das Formular 650 gilt f\u00fcr Erbschafts- und Schenkungssteuerabrechnungen, bei denen <strong>die Schuldner die Erkl\u00e4rung bei der staatlichen Steuerverwaltung abgeben m\u00fcssen <\/strong>und die Leistung daher nicht an die Autonomen Gemeinschaften \u00fcbertragen wurde.<\/p>\n\n\n\n<h4 class=\"wp-block-heading\"><span class=\"ez-toc-section\" id=\"Gezwungen_das_Modell_650_vorzustellen\"><\/span>Gezwungen, das Modell 650 vorzustellen<span class=\"ez-toc-section-end\"><\/span><\/h4>\n\n\n\n<p>Es gibt zwei Situationen, in denen ein Proband zur Vorlage des Formulars 650 verpflichtet sein kann: pers\u00f6nliche unbeschr\u00e4nkte oder beschr\u00e4nkte Steuerpflicht.<\/p>\n\n\n\n<h5 class=\"wp-block-heading\"><span class=\"ez-toc-section\" id=\"Persoenliche_unbeschraenkte_Steuerpflicht\"><\/span>Pers\u00f6nliche unbeschr\u00e4nkte Steuerpflicht<span class=\"ez-toc-section-end\"><\/span><\/h5>\n\n\n\n<p>Nat\u00fcrliche Personen, die ihren <strong>gew\u00f6hnlichen Aufenthalt auf spanischem Territorium haben,<\/strong> sowie Vertreter und Beamte des spanischen Staates im Ausland, die durch <strong>Erbschaft, Verm\u00e4chtnis oder eine andere Rechtsnachfolge einen Titel erwerben.<\/strong> Ebenso unterliegen die Betr\u00e4ge, die die <strong>Beg\u00fcnstigten von Lebensversicherungsvertr\u00e4gen erhalten,<\/strong> im Todesfall des Versicherten, wenn der Vertragspartner nicht der Beg\u00fcnstigte ist.<\/p>\n\n\n\n<h5 class=\"wp-block-heading\"><span class=\"ez-toc-section\" id=\"Beschraenkte_Steuerpflicht\"><\/span>Beschr\u00e4nkte Steuerpflicht<span class=\"ez-toc-section-end\"><\/span><\/h5>\n\n\n\n<p>Nat\u00fcrliche Personen, die <strong>ihren gew\u00f6hnlichen Aufenthalt nicht auf spanischem Hoheitsgebiet haben, <\/strong>f\u00fcr die Verm\u00f6genswerte und Rechte, gleich welcher Art, die sich auf spanischem Hoheitsgebiet befanden, ausge\u00fcbt werden konnten oder erf\u00fcllt werden mussten und die durch <strong>Erbschaft, Verm\u00e4chtnis oder einen anderen Erbrechtstitel erworben wurden.<\/strong> Ebenso unterliegen die Betr\u00e4ge, die die <strong>Beg\u00fcnstigten von Lebensversicherungsvertr\u00e4gen <\/strong>erhalten, wenn der Empf\u00e4nger ein Nichtans\u00e4ssiger ist, der Vertrag in Spanien mit einer Versicherungsgesellschaft abgeschlossen wurde oder wenn die Versicherungsgesellschaft eine spanische Gesellschaft ist, unabh\u00e4ngig vom Ort der Feier. vom Vertrag. Tats\u00e4chlich verpflichtete Steuerzahler m\u00fcssen <strong>eine in Spanien ans\u00e4ssige Person benennen, die sie <\/strong>vor der Steuerverwaltung in Bezug auf ihre Steuerpflichten vertritt.<\/p>\n\n\n\n<h5 class=\"wp-block-heading\"><span class=\"ez-toc-section\" id=\"Was_versteht_man_unter_gewoehnlichem_Aufenthalt_in_Spanien\"><\/span>Was versteht man unter gew\u00f6hnlichem Aufenthalt in Spanien?<span class=\"ez-toc-section-end\"><\/span><\/h5>\n\n\n\n<p>Um festzustellen, ob es sich um eine pers\u00f6nliche oder reale Verpflichtung handelt, kommt es darauf an, ob Sie in Spanien wohnen oder nicht.<\/p>\n\n\n\n<p>Es wird davon ausgegangen, dass eine nat\u00fcrliche Person ihren gew\u00f6hnlichen Aufenthalt auf spanischem Hoheitsgebiet hat, <strong>wenn sie mehr als 182 Tage im Kalenderjahr unmittelbar vor <\/strong>dem Tag vor ihrem Tod auf dem spanischen Hoheitsgebiet aufh\u00e4lt.<\/p>\n\n\n\n<p>Zur Ermittlung der Dauer <strong>werden nicht vor\u00fcbergehende Abwesenheiten mitgez\u00e4hlt.<\/strong><\/p>\n\n\n\n<p>Dar\u00fcber hinaus wird davon ausgegangen, dass eine nat\u00fcrliche Person im Gebiet einer Autonomen Gemeinschaft verbleibt, <strong>wenn sie ihren gew\u00f6hnlichen Aufenthalt in diesem Gebiet hat oder dort den Mittelpunkt ihrer Interessen hat;<\/strong> als solche gilt das Gebiet, in dem sie den gr\u00f6\u00dften Teil der Bemessungsgrundlage f\u00fcr die Einkommensteuer nat\u00fcrlicher Personen erh\u00e4lt.<\/p>\n\n\n\n<h4 class=\"wp-block-heading\"><span class=\"ez-toc-section\" id=\"Frist\"><\/span>Frist<span class=\"ez-toc-section-end\"><\/span><\/h4>\n\n\n\n<p>Die Einreichungsfrist betr\u00e4gt <strong>sechs Monate <\/strong>ab dem Todestag des Verstorbenen bzw. ab dem Tag, an dem die Sterbeerkl\u00e4rung rechtskr\u00e4ftig wird.<\/p>\n\n\n\n<h4 class=\"wp-block-heading\"><span class=\"ez-toc-section\" id=\"So_praesentieren_Sie_das_Modell_650\"><\/span>So pr\u00e4sentieren Sie das Modell 650<span class=\"ez-toc-section-end\"><\/span><\/h4>\n\n\n\n<p>Zur Darstellung dieser Selbsteinsch\u00e4tzung gibt es drei M\u00f6glichkeiten:<\/p>\n\n\n\n<ul><li><strong>Physische Pr\u00e4sentation des gedruckten Modells.<\/strong> Es wird nach Eingabe des entsprechenden Betrags und zusammen mit der Erkl\u00e4rung \u00fcber den Steuertatbestand und den dazugeh\u00f6rigen Unterlagen an die Zentrale des Nationalen Steuerverwaltungsamtes geliefert.<\/li><li><strong>F\u00fcllen Sie das Formular aus, das in der AEAT Electronic-Zentrale verf\u00fcgbar ist (Nichtresidenten). <\/strong>Alle mit dem steuerpflichtigen Ereignis verbundenen Daten werden eingegeben, anschlie\u00dfend ausgedruckt und nach Eingabe des entsprechenden Betrags und zusammen mit der Erkl\u00e4rung, in der das steuerpflichtige Ereignis best\u00e4tigt wird, und den zugeh\u00f6rigen Unterlagen in den B\u00fcros der staatlichen Steuerverwaltungsbeh\u00f6rde vorgelegt.<\/li><li><strong>Elektronische Pr\u00e4sentation des Modells 650.<\/strong> Die Daten werden ausgef\u00fcllt, die Unterlagen werden beigef\u00fcgt und die Zahlung erfolgt ggf. ohne Gang zu einer Gesch\u00e4ftsstelle. Der gesamte Vorgang erfolgt \u00fcber das Internet und es wird ein digitaler Vorlage- und Zahlungsnachweis eingeholt.<\/li><\/ul>\n\n\n\n<p>Das Formular 650 ist die Selbstauskunft, bei der Sie das Ergebnis der Erbschaftssteuer f\u00fcr Erbschaften, Verm\u00e4chtnisse und auch die erhaltenen Betr\u00e4ge im Zusammenhang mit Lebensversicherungen erhalten. Sie gilt, wenn Personen, die eine unbeschr\u00e4nkte oder beschr\u00e4nkte Verpflichtung zur Vorlage haben, dies bei der Steuerverwaltung tun m\u00fcssen. Dies muss innerhalb von sechs Monaten nach dem Tod pers\u00f6nlich oder online erfolgen.<\/p>\n\n\n\n<h4 class=\"wp-block-heading\"><span class=\"ez-toc-section\" id=\"Weitere_Informationen\"><\/span>Weitere Informationen<span class=\"ez-toc-section-end\"><\/span><\/h4>\n\n\n\n<p>Dieser Artikel ist Teil unseres Service f\u00fcr den <a href=\"https:\/\/firmalex.com\/de\/erbe-spanien-von-nichtresidenten-auslander-denia-javea-calpe-altea-benissa-benidorm-alicante-valencia-costa-blanca\/\" target=\"_blank\" rel=\"noreferrer noopener\">Erbe in Spanien<\/a>. In diesem Bereich finden Sie alle n\u00fctzlichen Informationen zu diesem Thema, einschlie\u00dflich eines vollst\u00e4ndigen Leitfadens zum Thema <a href=\"https:\/\/firmalex.com\/de\/erbschaft-in-spanien-mit-einem-nichtansassigen-oder-auslander\/\" target=\"_blank\" rel=\"noreferrer noopener\">Erbschaft in Spanien mit einem Nichtans\u00e4ssigen oder Ausl\u00e4nder<\/a>.<\/p>\n\n\n\n<h4 class=\"wp-block-heading\"><span class=\"ez-toc-section\" id=\"Klaeren_Sie_Ihre_Zweifel\"><\/span>Kl\u00e4ren Sie Ihre Zweifel<span class=\"ez-toc-section-end\"><\/span><\/h4>\n\n\n\n<p>&#x2705; Unsere Mitarbeiter sprechen flie\u00dfend Spanisch, Valencianisch, Englisch und Deutsch, so dass Sie mit uns in Ihrer eigenen Sprache kommunizieren k\u00f6nnen und so Ihre Fragen klar l\u00f6sen k\u00f6nnen.<\/p>\n\n\n\n<p>&#x1f4cd; Denia \u2013 Plaza del Convento, 6 \u2013 Zwischengeschoss pta. B<br>&#x1f4cd; Valencia \u2013 Calle Creu Roja, 1 \u2013 Block 6, Etage 1, T\u00fcr 10 (*nur mit vorheriger Zitierung)<\/p>\n\n\n\n<p>&#x2709;&#x1f4de;Kontakt: <a href=\"mailto:info@firmalex.com\" target=\"_blank\" rel=\"noreferrer noopener\">info@firmalex.com<\/a> \u2013 Tel. <a href=\"tel:+34966421416\" target=\"_blank\" rel=\"noreferrer noopener\">+34 966 421 416<\/a> \u2013 Whatsapp <a href=\"https:\/\/wa.me\/34622497615\" target=\"_blank\" rel=\"noreferrer noopener\">+34 622 497 615<\/a><\/p>\n\n\n\n<p>Folgen Sie uns: <a href=\"https:\/\/www.facebook.com\/FIRMALEXcom\" target=\"_blank\" rel=\"noreferrer noopener\">Facebook<\/a> &#8211; <a href=\"https:\/\/www.linkedin.com\/company\/firmalexcom\/\" target=\"_blank\" rel=\"noreferrer noopener\">LinkedIn<\/a><\/p>\n\n\n\n<p><\/p>\n","protected":false},"excerpt":{"rendered":"<p>Ein Modell, das eng mit der Frage von Erbschaften, Erbschaften oder dem Einzug von Betr\u00e4gen f\u00fcr Lebensversicherungsvertr\u00e4ge zusammenh\u00e4ngt, ist das Modell 650. Sowohl Einwohner als auch Nichtans\u00e4ssige m\u00fcssen es vorlegen, sofern sie die Anforderungen erf\u00fcllen und innerhalb der festgelegten Fristen. Was ist das Modell 650? Das Formular 650 ist die individuelle Selbstveranlagung zur Erbschaftssteuer. Es [&hellip;]<\/p>\n","protected":false},"author":2,"featured_media":13000,"comment_status":"closed","ping_status":"closed","sticky":false,"template":"","format":"standard","meta":{"footnotes":""},"categories":[245,212,239,243],"tags":[],"yoast_head":"<!-- This site is optimized with the Yoast SEO plugin v23.5 - https:\/\/yoast.com\/wordpress\/plugins\/seo\/ -->\n<title>Das 650er-Modell - FIRMALEX<\/title>\n<meta name=\"robots\" content=\"index, follow, max-snippet:-1, max-image-preview:large, max-video-preview:-1\" \/>\n<link rel=\"canonical\" href=\"https:\/\/firmalex.com\/de\/2023\/11\/03\/das-650er-modell\/\" \/>\n<meta property=\"og:locale\" content=\"de_DE\" \/>\n<meta property=\"og:type\" content=\"article\" \/>\n<meta property=\"og:title\" content=\"Das 650er-Modell - FIRMALEX\" \/>\n<meta property=\"og:description\" content=\"Ein Modell, das eng mit der Frage von Erbschaften, Erbschaften oder dem Einzug von Betr\u00e4gen f\u00fcr Lebensversicherungsvertr\u00e4ge zusammenh\u00e4ngt, ist das Modell 650. Sowohl Einwohner als auch Nichtans\u00e4ssige m\u00fcssen es vorlegen, sofern sie die Anforderungen erf\u00fcllen und innerhalb der festgelegten Fristen. Was ist das Modell 650? Das Formular 650 ist die individuelle Selbstveranlagung zur Erbschaftssteuer. Es [&hellip;]\" \/>\n<meta property=\"og:url\" content=\"https:\/\/firmalex.com\/de\/2023\/11\/03\/das-650er-modell\/\" \/>\n<meta property=\"og:site_name\" content=\"FIRMALEX\" \/>\n<meta property=\"article:published_time\" content=\"2023-11-03T18:28:00+00:00\" \/>\n<meta property=\"article:modified_time\" content=\"2023-11-17T18:32:32+00:00\" \/>\n<meta property=\"og:image\" content=\"https:\/\/firmalex.com\/wp-content\/uploads\/2023\/11\/das-650er-modell.jpg\" \/>\n\t<meta property=\"og:image:width\" content=\"1200\" \/>\n\t<meta property=\"og:image:height\" content=\"630\" \/>\n\t<meta property=\"og:image:type\" content=\"image\/jpeg\" \/>\n<meta name=\"author\" content=\"Firmalex\" \/>\n<meta name=\"twitter:card\" content=\"summary_large_image\" \/>\n<meta name=\"twitter:label1\" content=\"Verfasst von\" \/>\n\t<meta name=\"twitter:data1\" content=\"Firmalex\" \/>\n\t<meta name=\"twitter:label2\" content=\"Gesch\u00e4tzte Lesezeit\" \/>\n\t<meta name=\"twitter:data2\" content=\"4\u00a0Minuten\" \/>\n<script type=\"application\/ld+json\" class=\"yoast-schema-graph\">{\"@context\":\"https:\/\/schema.org\",\"@graph\":[{\"@type\":\"Article\",\"@id\":\"https:\/\/firmalex.com\/de\/2023\/11\/03\/das-650er-modell\/#article\",\"isPartOf\":{\"@id\":\"https:\/\/firmalex.com\/de\/2023\/11\/03\/das-650er-modell\/\"},\"author\":{\"name\":\"Firmalex\",\"@id\":\"https:\/\/firmalex.com\/#\/schema\/person\/910549a246ed3ba83a193ed7ecbb51d2\"},\"headline\":\"Das 650er-Modell\",\"datePublished\":\"2023-11-03T18:28:00+00:00\",\"dateModified\":\"2023-11-17T18:32:32+00:00\",\"mainEntityOfPage\":{\"@id\":\"https:\/\/firmalex.com\/de\/2023\/11\/03\/das-650er-modell\/\"},\"wordCount\":902,\"publisher\":{\"@id\":\"https:\/\/firmalex.com\/#organization\"},\"image\":{\"@id\":\"https:\/\/firmalex.com\/de\/2023\/11\/03\/das-650er-modell\/#primaryimage\"},\"thumbnailUrl\":\"https:\/\/firmalex.com\/wp-content\/uploads\/2023\/11\/das-650er-modell.jpg\",\"articleSection\":[\"Erbschaft in Spanien\",\"Neueste Artikel\",\"Steuerberatung\",\"Steuern in Spanien\"],\"inLanguage\":\"de\"},{\"@type\":\"WebPage\",\"@id\":\"https:\/\/firmalex.com\/de\/2023\/11\/03\/das-650er-modell\/\",\"url\":\"https:\/\/firmalex.com\/de\/2023\/11\/03\/das-650er-modell\/\",\"name\":\"Das 650er-Modell - FIRMALEX\",\"isPartOf\":{\"@id\":\"https:\/\/firmalex.com\/#website\"},\"primaryImageOfPage\":{\"@id\":\"https:\/\/firmalex.com\/de\/2023\/11\/03\/das-650er-modell\/#primaryimage\"},\"image\":{\"@id\":\"https:\/\/firmalex.com\/de\/2023\/11\/03\/das-650er-modell\/#primaryimage\"},\"thumbnailUrl\":\"https:\/\/firmalex.com\/wp-content\/uploads\/2023\/11\/das-650er-modell.jpg\",\"datePublished\":\"2023-11-03T18:28:00+00:00\",\"dateModified\":\"2023-11-17T18:32:32+00:00\",\"breadcrumb\":{\"@id\":\"https:\/\/firmalex.com\/de\/2023\/11\/03\/das-650er-modell\/#breadcrumb\"},\"inLanguage\":\"de\",\"potentialAction\":[{\"@type\":\"ReadAction\",\"target\":[\"https:\/\/firmalex.com\/de\/2023\/11\/03\/das-650er-modell\/\"]}]},{\"@type\":\"ImageObject\",\"inLanguage\":\"de\",\"@id\":\"https:\/\/firmalex.com\/de\/2023\/11\/03\/das-650er-modell\/#primaryimage\",\"url\":\"https:\/\/firmalex.com\/wp-content\/uploads\/2023\/11\/das-650er-modell.jpg\",\"contentUrl\":\"https:\/\/firmalex.com\/wp-content\/uploads\/2023\/11\/das-650er-modell.jpg\",\"width\":1200,\"height\":630},{\"@type\":\"BreadcrumbList\",\"@id\":\"https:\/\/firmalex.com\/de\/2023\/11\/03\/das-650er-modell\/#breadcrumb\",\"itemListElement\":[{\"@type\":\"ListItem\",\"position\":1,\"name\":\"Portada\",\"item\":\"https:\/\/firmalex.com\/de\/\"},{\"@type\":\"ListItem\",\"position\":2,\"name\":\"Das 650er-Modell\"}]},{\"@type\":\"WebSite\",\"@id\":\"https:\/\/firmalex.com\/#website\",\"url\":\"https:\/\/firmalex.com\/\",\"name\":\"FIRMALEX\",\"description\":\"Rechts-, Steuer-, Arbeits-, Buchhaltungs- und Unternehmensberatung in Denia (Alicante) und Valencia [Spanien]. Anwalt und Steuerberater.\",\"publisher\":{\"@id\":\"https:\/\/firmalex.com\/#organization\"},\"potentialAction\":[{\"@type\":\"SearchAction\",\"target\":{\"@type\":\"EntryPoint\",\"urlTemplate\":\"https:\/\/firmalex.com\/?s={search_term_string}\"},\"query-input\":{\"@type\":\"PropertyValueSpecification\",\"valueRequired\":true,\"valueName\":\"search_term_string\"}}],\"inLanguage\":\"de\"},{\"@type\":\"Organization\",\"@id\":\"https:\/\/firmalex.com\/#organization\",\"name\":\"Firmalex\",\"url\":\"https:\/\/firmalex.com\/\",\"logo\":{\"@type\":\"ImageObject\",\"inLanguage\":\"de\",\"@id\":\"https:\/\/firmalex.com\/#\/schema\/logo\/image\/\",\"url\":\"https:\/\/firmalex.com\/wp-content\/uploads\/2015\/02\/logo.jpg\",\"contentUrl\":\"https:\/\/firmalex.com\/wp-content\/uploads\/2015\/02\/logo.jpg\",\"width\":371,\"height\":161,\"caption\":\"Firmalex\"},\"image\":{\"@id\":\"https:\/\/firmalex.com\/#\/schema\/logo\/image\/\"}},{\"@type\":\"Person\",\"@id\":\"https:\/\/firmalex.com\/#\/schema\/person\/910549a246ed3ba83a193ed7ecbb51d2\",\"name\":\"Firmalex\",\"image\":{\"@type\":\"ImageObject\",\"inLanguage\":\"de\",\"@id\":\"https:\/\/firmalex.com\/#\/schema\/person\/image\/\",\"url\":\"https:\/\/secure.gravatar.com\/avatar\/7f6db6b06d3c80b6856de62666826e8b?s=96&d=blank&r=g\",\"contentUrl\":\"https:\/\/secure.gravatar.com\/avatar\/7f6db6b06d3c80b6856de62666826e8b?s=96&d=blank&r=g\",\"caption\":\"Firmalex\"},\"sameAs\":[\"https:\/\/firmalex.com\"]}]}<\/script>\n<!-- \/ Yoast SEO plugin. -->","yoast_head_json":{"title":"Das 650er-Modell - FIRMALEX","robots":{"index":"index","follow":"follow","max-snippet":"max-snippet:-1","max-image-preview":"max-image-preview:large","max-video-preview":"max-video-preview:-1"},"canonical":"https:\/\/firmalex.com\/de\/2023\/11\/03\/das-650er-modell\/","og_locale":"de_DE","og_type":"article","og_title":"Das 650er-Modell - FIRMALEX","og_description":"Ein Modell, das eng mit der Frage von Erbschaften, Erbschaften oder dem Einzug von Betr\u00e4gen f\u00fcr Lebensversicherungsvertr\u00e4ge zusammenh\u00e4ngt, ist das Modell 650. Sowohl Einwohner als auch Nichtans\u00e4ssige m\u00fcssen es vorlegen, sofern sie die Anforderungen erf\u00fcllen und innerhalb der festgelegten Fristen. Was ist das Modell 650? Das Formular 650 ist die individuelle Selbstveranlagung zur Erbschaftssteuer. Es [&hellip;]","og_url":"https:\/\/firmalex.com\/de\/2023\/11\/03\/das-650er-modell\/","og_site_name":"FIRMALEX","article_published_time":"2023-11-03T18:28:00+00:00","article_modified_time":"2023-11-17T18:32:32+00:00","og_image":[{"width":1200,"height":630,"url":"https:\/\/firmalex.com\/wp-content\/uploads\/2023\/11\/das-650er-modell.jpg","type":"image\/jpeg"}],"author":"Firmalex","twitter_card":"summary_large_image","twitter_misc":{"Verfasst von":"Firmalex","Gesch\u00e4tzte Lesezeit":"4\u00a0Minuten"},"schema":{"@context":"https:\/\/schema.org","@graph":[{"@type":"Article","@id":"https:\/\/firmalex.com\/de\/2023\/11\/03\/das-650er-modell\/#article","isPartOf":{"@id":"https:\/\/firmalex.com\/de\/2023\/11\/03\/das-650er-modell\/"},"author":{"name":"Firmalex","@id":"https:\/\/firmalex.com\/#\/schema\/person\/910549a246ed3ba83a193ed7ecbb51d2"},"headline":"Das 650er-Modell","datePublished":"2023-11-03T18:28:00+00:00","dateModified":"2023-11-17T18:32:32+00:00","mainEntityOfPage":{"@id":"https:\/\/firmalex.com\/de\/2023\/11\/03\/das-650er-modell\/"},"wordCount":902,"publisher":{"@id":"https:\/\/firmalex.com\/#organization"},"image":{"@id":"https:\/\/firmalex.com\/de\/2023\/11\/03\/das-650er-modell\/#primaryimage"},"thumbnailUrl":"https:\/\/firmalex.com\/wp-content\/uploads\/2023\/11\/das-650er-modell.jpg","articleSection":["Erbschaft in Spanien","Neueste Artikel","Steuerberatung","Steuern in Spanien"],"inLanguage":"de"},{"@type":"WebPage","@id":"https:\/\/firmalex.com\/de\/2023\/11\/03\/das-650er-modell\/","url":"https:\/\/firmalex.com\/de\/2023\/11\/03\/das-650er-modell\/","name":"Das 650er-Modell - FIRMALEX","isPartOf":{"@id":"https:\/\/firmalex.com\/#website"},"primaryImageOfPage":{"@id":"https:\/\/firmalex.com\/de\/2023\/11\/03\/das-650er-modell\/#primaryimage"},"image":{"@id":"https:\/\/firmalex.com\/de\/2023\/11\/03\/das-650er-modell\/#primaryimage"},"thumbnailUrl":"https:\/\/firmalex.com\/wp-content\/uploads\/2023\/11\/das-650er-modell.jpg","datePublished":"2023-11-03T18:28:00+00:00","dateModified":"2023-11-17T18:32:32+00:00","breadcrumb":{"@id":"https:\/\/firmalex.com\/de\/2023\/11\/03\/das-650er-modell\/#breadcrumb"},"inLanguage":"de","potentialAction":[{"@type":"ReadAction","target":["https:\/\/firmalex.com\/de\/2023\/11\/03\/das-650er-modell\/"]}]},{"@type":"ImageObject","inLanguage":"de","@id":"https:\/\/firmalex.com\/de\/2023\/11\/03\/das-650er-modell\/#primaryimage","url":"https:\/\/firmalex.com\/wp-content\/uploads\/2023\/11\/das-650er-modell.jpg","contentUrl":"https:\/\/firmalex.com\/wp-content\/uploads\/2023\/11\/das-650er-modell.jpg","width":1200,"height":630},{"@type":"BreadcrumbList","@id":"https:\/\/firmalex.com\/de\/2023\/11\/03\/das-650er-modell\/#breadcrumb","itemListElement":[{"@type":"ListItem","position":1,"name":"Portada","item":"https:\/\/firmalex.com\/de\/"},{"@type":"ListItem","position":2,"name":"Das 650er-Modell"}]},{"@type":"WebSite","@id":"https:\/\/firmalex.com\/#website","url":"https:\/\/firmalex.com\/","name":"FIRMALEX","description":"Rechts-, Steuer-, Arbeits-, Buchhaltungs- und Unternehmensberatung in Denia (Alicante) und Valencia [Spanien]. Anwalt und Steuerberater.","publisher":{"@id":"https:\/\/firmalex.com\/#organization"},"potentialAction":[{"@type":"SearchAction","target":{"@type":"EntryPoint","urlTemplate":"https:\/\/firmalex.com\/?s={search_term_string}"},"query-input":{"@type":"PropertyValueSpecification","valueRequired":true,"valueName":"search_term_string"}}],"inLanguage":"de"},{"@type":"Organization","@id":"https:\/\/firmalex.com\/#organization","name":"Firmalex","url":"https:\/\/firmalex.com\/","logo":{"@type":"ImageObject","inLanguage":"de","@id":"https:\/\/firmalex.com\/#\/schema\/logo\/image\/","url":"https:\/\/firmalex.com\/wp-content\/uploads\/2015\/02\/logo.jpg","contentUrl":"https:\/\/firmalex.com\/wp-content\/uploads\/2015\/02\/logo.jpg","width":371,"height":161,"caption":"Firmalex"},"image":{"@id":"https:\/\/firmalex.com\/#\/schema\/logo\/image\/"}},{"@type":"Person","@id":"https:\/\/firmalex.com\/#\/schema\/person\/910549a246ed3ba83a193ed7ecbb51d2","name":"Firmalex","image":{"@type":"ImageObject","inLanguage":"de","@id":"https:\/\/firmalex.com\/#\/schema\/person\/image\/","url":"https:\/\/secure.gravatar.com\/avatar\/7f6db6b06d3c80b6856de62666826e8b?s=96&d=blank&r=g","contentUrl":"https:\/\/secure.gravatar.com\/avatar\/7f6db6b06d3c80b6856de62666826e8b?s=96&d=blank&r=g","caption":"Firmalex"},"sameAs":["https:\/\/firmalex.com"]}]}},"_links":{"self":[{"href":"https:\/\/firmalex.com\/de\/wp-json\/wp\/v2\/posts\/12997"}],"collection":[{"href":"https:\/\/firmalex.com\/de\/wp-json\/wp\/v2\/posts"}],"about":[{"href":"https:\/\/firmalex.com\/de\/wp-json\/wp\/v2\/types\/post"}],"author":[{"embeddable":true,"href":"https:\/\/firmalex.com\/de\/wp-json\/wp\/v2\/users\/2"}],"replies":[{"embeddable":true,"href":"https:\/\/firmalex.com\/de\/wp-json\/wp\/v2\/comments?post=12997"}],"version-history":[{"count":1,"href":"https:\/\/firmalex.com\/de\/wp-json\/wp\/v2\/posts\/12997\/revisions"}],"predecessor-version":[{"id":13003,"href":"https:\/\/firmalex.com\/de\/wp-json\/wp\/v2\/posts\/12997\/revisions\/13003"}],"wp:featuredmedia":[{"embeddable":true,"href":"https:\/\/firmalex.com\/de\/wp-json\/wp\/v2\/media\/13000"}],"wp:attachment":[{"href":"https:\/\/firmalex.com\/de\/wp-json\/wp\/v2\/media?parent=12997"}],"wp:term":[{"taxonomy":"category","embeddable":true,"href":"https:\/\/firmalex.com\/de\/wp-json\/wp\/v2\/categories?post=12997"},{"taxonomy":"post_tag","embeddable":true,"href":"https:\/\/firmalex.com\/de\/wp-json\/wp\/v2\/tags?post=12997"}],"curies":[{"name":"wp","href":"https:\/\/api.w.org\/{rel}","templated":true}]}}