{"id":13771,"date":"2025-04-11T09:22:39","date_gmt":"2025-04-11T08:22:39","guid":{"rendered":"https:\/\/firmalex.com\/?p=13771"},"modified":"2025-05-16T16:03:09","modified_gmt":"2025-05-16T15:03:09","slug":"ich-moechte-dass-mein-sohn-mein-erbe-nicht-erhaelt-ist-das-moeglich","status":"publish","type":"post","link":"https:\/\/firmalex.com\/de\/2025\/04\/11\/ich-moechte-dass-mein-sohn-mein-erbe-nicht-erhaelt-ist-das-moeglich\/","title":{"rendered":"Ich m\u00f6chte, dass mein Sohn mein Erbe nicht erh\u00e4lt. Ist das m\u00f6glich?"},"content":{"rendered":"\n<blockquote class=\"wp-block-quote\">\n<p>Kinder sind f\u00fcr ihre Eltern die wichtigsten Menschen. Aber das ist nicht immer so.<\/p>\n<\/blockquote>\n\n\n\n<p>Manchmal gehen Beziehungen in die Br\u00fcche oder Kinder verhalten sich ihren Eltern gegen\u00fcber verletzend.<\/p>\n\n\n\n<p>In diesem Fall k\u00f6nnen die Eltern ihren Kindern ihr gesetzliches Erbrecht nur deshalb entziehen, weil es ihre Kinder sind.<\/p>\n\n\n\n<p>Sehen wir uns das einmal an.<\/p>\n\n\n\n<div id=\"ez-toc-container\" class=\"ez-toc-v2_0_82_2 ez-toc-wrap-center counter-hierarchy ez-toc-counter ez-toc-grey ez-toc-container-direction\">\n<div class=\"ez-toc-title-container\">\n<p class=\"ez-toc-title\" style=\"cursor:inherit\"><\/p>\n<span class=\"ez-toc-title-toggle\"><\/span><\/div>\n<nav><ul class='ez-toc-list ez-toc-list-level-1 ' ><li class='ez-toc-page-1 ez-toc-heading-level-4'><a class=\"ez-toc-link ez-toc-heading-1\" href=\"https:\/\/firmalex.com\/de\/2025\/04\/11\/ich-moechte-dass-mein-sohn-mein-erbe-nicht-erhaelt-ist-das-moeglich\/#Wer_sind_die_gesetzlichen_Erben\" >Wer sind die gesetzlichen Erben?<\/a><\/li><li class='ez-toc-page-1 ez-toc-heading-level-4'><a class=\"ez-toc-link ez-toc-heading-2\" href=\"https:\/\/firmalex.com\/de\/2025\/04\/11\/ich-moechte-dass-mein-sohn-mein-erbe-nicht-erhaelt-ist-das-moeglich\/#Kann_man_sein_Kind_enterben\" >Kann man sein Kind enterben?<\/a><\/li><li class='ez-toc-page-1 ez-toc-heading-level-4'><a class=\"ez-toc-link ez-toc-heading-3\" href=\"https:\/\/firmalex.com\/de\/2025\/04\/11\/ich-moechte-dass-mein-sohn-mein-erbe-nicht-erhaelt-ist-das-moeglich\/#Voraussetzungen_um_ein_Kind_zu_enterben\" >Voraussetzungen, um ein Kind zu enterben<\/a><\/li><li class='ez-toc-page-1 ez-toc-heading-level-4'><a class=\"ez-toc-link ez-toc-heading-4\" href=\"https:\/\/firmalex.com\/de\/2025\/04\/11\/ich-moechte-dass-mein-sohn-mein-erbe-nicht-erhaelt-ist-das-moeglich\/#Aus_welchen_Gruenden_kann_ein_Kind_enterbt_werden\" >Aus welchen Gr\u00fcnden kann ein Kind enterbt werden?<\/a><\/li><li class='ez-toc-page-1 ez-toc-heading-level-4'><a class=\"ez-toc-link ez-toc-heading-5\" href=\"https:\/\/firmalex.com\/de\/2025\/04\/11\/ich-moechte-dass-mein-sohn-mein-erbe-nicht-erhaelt-ist-das-moeglich\/#Wer_erbt_das_Erbe_desjenigen_sein_der_enterbt_wurde\" >Wer erbt das Erbe desjenigen sein, der enterbt wurde?<\/a><\/li><li class='ez-toc-page-1 ez-toc-heading-level-4'><a class=\"ez-toc-link ez-toc-heading-6\" href=\"https:\/\/firmalex.com\/de\/2025\/04\/11\/ich-moechte-dass-mein-sohn-mein-erbe-nicht-erhaelt-ist-das-moeglich\/#Weitere_Informationen\" >Weitere Informationen<\/a><\/li><li class='ez-toc-page-1 ez-toc-heading-level-4'><a class=\"ez-toc-link ez-toc-heading-7\" href=\"https:\/\/firmalex.com\/de\/2025\/04\/11\/ich-moechte-dass-mein-sohn-mein-erbe-nicht-erhaelt-ist-das-moeglich\/#Wir_beantworten_Ihre_Fragen\" >Wir beantworten Ihre Fragen<\/a><\/li><\/ul><\/nav><\/div>\n<h4 class=\"wp-block-heading\"><span class=\"ez-toc-section\" id=\"Wer_sind_die_gesetzlichen_Erben\"><\/span>Wer sind die gesetzlichen Erben?<span class=\"ez-toc-section-end\"><\/span><\/h4>\n\n\n\n<p><strong>Gesetzliche Erben <\/strong>oder Pflichtteilsberechtigte sind laut \u00a7 807 des Zivilgesetzbuches<\/p>\n\n\n\n<ul>\n<li><strong>Kinder und Nachkommen <\/strong>in Bezug auf ihre Eltern und Vorfahren.<\/li>\n\n\n\n<li>Andererseits sind es <strong>Eltern und Vorfahren <\/strong>in Bezug auf ihre Kinder und Nachkommen.<\/li>\n\n\n\n<li><strong>Die Witwe oder der Witwer <\/strong>in der vom Gesetz vorgesehenen Weise.<\/li>\n<\/ul>\n\n\n\n<h4 class=\"wp-block-heading\"><span class=\"ez-toc-section\" id=\"Kann_man_sein_Kind_enterben\"><\/span>Kann man sein Kind enterben?<span class=\"ez-toc-section-end\"><\/span><\/h4>\n\n\n\n<p>Im Internet gibt es zahlreiche Informationen dar\u00fcber, <strong>wie das Erbe aufgeteilt werden muss und worin der Pflichtteil,<\/strong> also das, was den Kindern oder Erben zusteht, <strong>besteht<\/strong>.<\/p>\n\n\n\n<p>Daher entsteht die Frage, ob man <strong>sein Kind enterben kann, auch wenn ihm ein rechtm\u00e4\u00dfiger Anspruch auf einen Pflichtteil zusteht.<\/strong><\/p>\n\n\n\n<p>Die Antwort lautet: <strong>Ja.<\/strong> Allerdings ist es nicht so einfach.<\/p>\n\n\n\n<p>Um ein Kind zu enterben, <strong>muss man das im Testament festlegen, wo auch<\/strong> <strong>der Grund<\/strong>, warum man es enterbt, <strong>angegeben sein muss<\/strong>.<\/p>\n\n\n\n<h4 class=\"wp-block-heading\"><span class=\"ez-toc-section\" id=\"Voraussetzungen_um_ein_Kind_zu_enterben\"><\/span>Voraussetzungen, um ein Kind zu enterben<span class=\"ez-toc-section-end\"><\/span><\/h4>\n\n\n\n<p>Um ein Kind rechtskr\u00e4ftig zu enterben, m\u00fcssen folgende <strong>Voraussetzungen <\/strong>erf\u00fcllt sein:<\/p>\n\n\n\n<ul>\n<li><strong>Dies muss anhand eines Testaments geschehen.<\/strong> Die Gr\u00fcnde daf\u00fcr m\u00fcssen im Testament klar dargelegt werden und auf einem der gesetzlich festgelegten Gr\u00fcnde beruhen. Es ist wichtig, klar und deutlich anzugeben, welches Kind Sie enterben m\u00f6chten.<\/li>\n\n\n\n<li><strong>Der Grund muss eindeutig und nachweisbar sein.<\/strong> Es muss bewiesen warden k\u00f6nnen, dass der Sachverhalts stimmt, wobei die Erben des Erblassers verantwortlich daf\u00fcr sind, die Richtigkeit des Sachverhalts zu beweisen.<\/li>\n\n\n\n<li><strong>Der betroffene Pflichterbe kann die Erbeneinsetzung hinsichtlich seines Pflichtteils aufheben.<\/strong> Wenn der Grund im Testament nicht angegeben wurde, liegt laut Gesetz kein legitimer Grund gesetzlich vor oder es handelt sich um eine Behauptung, die nicht begr\u00fcndet ist.<\/li>\n<\/ul>\n\n\n\n<p>Daher hat der enterbte gesetzliche Erbe in Situationen, in denen die Enterbung nicht den gesetzlichen Bestimmungen entspricht, das Recht, seinen rechtm\u00e4\u00dfigen Anteil an der Erbschaft <strong>einzufordern.<\/strong><\/p>\n\n\n\n<h4 class=\"wp-block-heading\"><span class=\"ez-toc-section\" id=\"Aus_welchen_Gruenden_kann_ein_Kind_enterbt_werden\"><\/span>Aus welchen Gr\u00fcnden kann ein Kind enterbt werden?<span class=\"ez-toc-section-end\"><\/span><\/h4>\n\n\n\n<p><strong>Die Enterbung eines Kindes oder eines anderen Pflicht- oder gesetzlichen Erben ist ohne Angabe von Gr\u00fcnden nicht m\u00f6glich.<\/strong><\/p>\n\n\n\n<p>Ein Kind kann enterbt werden, wenn einer der <strong>folgenden Gr\u00fcnden <\/strong>vorliegt:<\/p>\n\n\n\n<ul>\n<li>Dem Elternteil, der sein Kind enterbt, wurde ohne legitimen Grund <strong>die Nahrung verweigert.<\/strong><\/li>\n\n\n\n<li><strong>Bei Misshandlung <\/strong>oder schwerwiegender verbaler Beleidigungen der Eltern.<\/li>\n\n\n\n<li>Wenn das Kind durch ein rechtskr\u00e4ftiges Urteil wegen <strong>versuchter T\u00f6tung des Erblassers, der Zuf\u00fcgung von K\u00f6rperverletzungen oder wegen <\/strong>regelm\u00e4\u00dfiger Aus\u00fcbung k\u00f6rperlicher oder psychischer Gewalt im famili\u00e4ren Umfeld, verurteilt wurde.<\/li>\n\n\n\n<li>Bei Verurteilung wegen <strong>Straftaten gegen die Freiheit, moralische Integrit\u00e4t und sexuelle Freiheit und Entsch\u00e4digung,<\/strong> wenn das Opfer dieser Straftaten der Erblasser, dessen Ehegatte, Lebensgef\u00e4hrte oder ein Nachkomme oder Vorfahre ist.<\/li>\n\n\n\n<li>Verurteilung wegen <strong>schwerer Straftaten gegen famili\u00e4re Rechte und Pflichten<\/strong> gegen\u00fcber dem Erblasser.<\/li>\n\n\n\n<li>Wenn der Erblasser f\u00e4lschlich einer Straftat beschuldigt wurde, die schwer bestraft wurde, und <strong>wenn er aufgrund falscher Beschuldigung verurteilt wurde.<\/strong><\/li>\n\n\n\n<li>Wenn der Erbe, obwohl er vollj\u00e4hrig ist und <strong>vom gewaltsamen Tod des Erblassers Kenntnis besitzt und diesen nicht <\/strong>innerhalb einer Frist von einem Monat meldet, sofern die Justiz nicht bereits von Amts wegen t\u00e4tig geworden war.<\/li>\n\n\n\n<li>Den Erblasser durch Drohung, Betrug oder Gewalt zur Erstellung oder \u00c4nderung eines Testaments zu <strong>zwingen.<\/strong><\/li>\n\n\n\n<li><strong>Auf die gleiche Weise zu verhindern, dass eine andere Person ein Testament errichtet,<\/strong> es widerruft oder durch ein sp\u00e4teres Testament ersetzt, verbirgt oder ver\u00e4ndert.<\/li>\n\n\n\n<li>Wenn der Erblasser behindert war, <strong>kann es zu einer Enterbung kommen, wenn die Erbberechtigten die erforderliche F\u00fcrsorge nicht erbrachten.<\/strong><\/li>\n<\/ul>\n\n\n\n<p><strong>Bestreitet der Enterbte den Grund f\u00fcr seine Enterbung, m\u00fcssen die \u00fcbrigen Erben des Testamentsvollstreckers den Beweis daf\u00fcr erbringen, dass dieser Grund zutrifft.<\/strong> Falls ein Konflikt bestand und sich der T\u00e4ter und der Gesch\u00e4digte anschlie\u03b2end wieder vers\u00f6hnt haben, kann der Gesch\u00e4digte das Recht auf Enterbung nicht geltend machen und eine bereits erfolgte Enterbung wird aufgehoben.<\/p>\n\n\n\n<h4 class=\"wp-block-heading\"><span class=\"ez-toc-section\" id=\"Wer_erbt_das_Erbe_desjenigen_sein_der_enterbt_wurde\"><\/span>Wer erbt das Erbe desjenigen sein, der enterbt wurde?<span class=\"ez-toc-section-end\"><\/span><\/h4>\n\n\n\n<p>Wenn einer der im vorigen Abschnitt aufgef\u00fchrten Gr\u00fcnde eintritt, <strong>bekommen eine oder mehrere Personen, die das Erbe erhalten sollen, dieses Erbe nicht.<\/strong> Was passiert also?<\/p>\n\n\n\n<p>In diesem Fall <strong>w\u00fcrden die Kinder oder anderen Nachkommen des Enterbten an dessen Stelle treten <\/strong>und in Bezug auf das Erbe dieselben Rechte besitzen, die dem Pflichtteilsberechtigten zustehen. Das gesetzliche Erbe ist das Erbe, das den Kindern und Nachkommen laut Gesetz zustehen muss und betr\u00e4gt zwei Drittel der Erbmasse ihrer Eltern. Aber manchmal m\u00f6chten Sie Ihr gesamtes Verm\u00f6gen nicht an Ihre Kinder weitergeben. Um dass tun zu k\u00f6nnen, muss einer der genannten Gr\u00fcnde vorliegen und die festgelegten Voraussetzungen m\u00fcssen erf\u00fcllt sein. In diesem Fall geht das Recht auf den Pflichtteil auf die Nachkommen der enterbten Person \u00fcber, d.h. des Pflichtteils, den ihre Eltern nicht erhalten.<\/p>\n\n\n\n<h4 class=\"wp-block-heading\"><span class=\"ez-toc-section\" id=\"Weitere_Informationen\"><\/span>Weitere Informationen<span class=\"ez-toc-section-end\"><\/span><\/h4>\n\n\n\n<p>Dieser Artikel ist Bestandteil unserer Serviceleistungen bei <a href=\"https:\/\/firmalex.com\/de\/erbe-spanien-von-nichtresidenten-auslander-denia-javea-calpe-altea-benissa-benidorm-alicante-valencia-costa-blanca\/\" target=\"_blank\" rel=\"noreferrer noopener\">Erbschaften nicht residenter Personen<\/a>. In diesem Abschnitt finden Sie alle n\u00fctzlichen Informationen zu diesem Thema, einschlie\u00dflich eines vollst\u00e4ndigen Leitfadens zum Thema <a href=\"https:\/\/firmalex.com\/de\/erbschaft-in-spanien-mit-einem-nichtansassigen-oder-auslander\/\" target=\"_blank\" rel=\"noreferrer noopener\">Erbschaft in Spanien f\u00fcr nicht residente Personen oder Ausl\u00e4nder<\/a>.<\/p>\n\n\n\n<h4 class=\"wp-block-heading\"><span class=\"ez-toc-section\" id=\"Wir_beantworten_Ihre_Fragen\"><\/span>Wir beantworten Ihre Fragen<span class=\"ez-toc-section-end\"><\/span><\/h4>\n\n\n\n<p>&#x2705; Unsere Mitarbeiter sprechen flie\u00dfend Spanisch, Valencianisch, Englisch und Deutsch, sodass Sie mit uns in Ihrer Muttersprache kommunizieren und so Ihre Fragen kl\u00e4ren k\u00f6nnen.<\/p>\n\n\n\n<p>&#x1f4cd; Denia \u2013 Plaza del Convento, 6 \u2013 Zwischengeschoss T\u00fcr B<br>&#x1f4cd; Valencia \u2013 Calle Creu Roja, 1 \u2013 Block 6, Etage 1, T\u00fcr 10 (*nur mit vorheriger Termin)<\/p>\n\n\n\n<p>&#x2709;&#x1f4de;Kontakt: <a href=\"mailto:info@firmalex.com\">info@firmalex.com<\/a> \u2013 Tel. <a href=\"tel:+34966421416\">+34 966 421 416<\/a> \u2013 Whatsapp <a href=\"https:\/\/wa.me\/34622497615\">+34 622 497 615<\/a><\/p>\n\n\n\n<p>Folgen Sie uns: <a href=\"https:\/\/www.facebook.com\/FIRMALEXcom\" target=\"_blank\" rel=\"noreferrer noopener\">Facebook<\/a> &#8211; <a href=\"https:\/\/www.linkedin.com\/company\/firmalexcom\/\" target=\"_blank\" rel=\"noreferrer noopener\">LinkedIn<\/a><\/p>\n\n\n\n<p><\/p>\n","protected":false},"excerpt":{"rendered":"<p>Kinder sind f\u00fcr ihre Eltern die wichtigsten Menschen. Aber das ist nicht immer so. Manchmal gehen Beziehungen in die Br\u00fcche oder Kinder verhalten sich ihren Eltern gegen\u00fcber verletzend. In diesem Fall k\u00f6nnen die Eltern ihren Kindern ihr gesetzliches Erbrecht nur deshalb entziehen, weil es ihre Kinder sind. Sehen wir uns das einmal an. Wer sind [&hellip;]<\/p>\n","protected":false},"author":2,"featured_media":13772,"comment_status":"closed","ping_status":"closed","sticky":false,"template":"","format":"standard","meta":{"footnotes":""},"categories":[245,212,237],"tags":[],"yoast_head":"<!-- This site is optimized with the Yoast SEO plugin v23.5 - https:\/\/yoast.com\/wordpress\/plugins\/seo\/ -->\n<title>Ich m\u00f6chte, dass mein Sohn mein Erbe nicht erh\u00e4lt. Ist das m\u00f6glich? - FIRMALEX<\/title>\n<meta name=\"robots\" content=\"index, follow, max-snippet:-1, max-image-preview:large, max-video-preview:-1\" \/>\n<link rel=\"canonical\" href=\"https:\/\/firmalex.com\/de\/2025\/04\/11\/ich-moechte-dass-mein-sohn-mein-erbe-nicht-erhaelt-ist-das-moeglich\/\" \/>\n<meta property=\"og:locale\" content=\"de_DE\" \/>\n<meta property=\"og:type\" content=\"article\" \/>\n<meta property=\"og:title\" content=\"Ich m\u00f6chte, dass mein Sohn mein Erbe nicht erh\u00e4lt. Ist das m\u00f6glich? - FIRMALEX\" \/>\n<meta property=\"og:description\" content=\"Kinder sind f\u00fcr ihre Eltern die wichtigsten Menschen. Aber das ist nicht immer so. Manchmal gehen Beziehungen in die Br\u00fcche oder Kinder verhalten sich ihren Eltern gegen\u00fcber verletzend. In diesem Fall k\u00f6nnen die Eltern ihren Kindern ihr gesetzliches Erbrecht nur deshalb entziehen, weil es ihre Kinder sind. Sehen wir uns das einmal an. Wer sind [&hellip;]\" \/>\n<meta property=\"og:url\" content=\"https:\/\/firmalex.com\/de\/2025\/04\/11\/ich-moechte-dass-mein-sohn-mein-erbe-nicht-erhaelt-ist-das-moeglich\/\" \/>\n<meta property=\"og:site_name\" content=\"FIRMALEX\" \/>\n<meta property=\"article:published_time\" content=\"2025-04-11T08:22:39+00:00\" \/>\n<meta property=\"article:modified_time\" content=\"2025-05-16T15:03:09+00:00\" \/>\n<meta property=\"og:image\" content=\"https:\/\/firmalex.com\/wp-content\/uploads\/2025\/04\/Ich-mochte-meinem-Sohn-kein-Erbe-hinterlassen-ist-das-moglich.jpg\" \/>\n\t<meta property=\"og:image:width\" content=\"1200\" \/>\n\t<meta property=\"og:image:height\" content=\"630\" \/>\n\t<meta property=\"og:image:type\" content=\"image\/jpeg\" \/>\n<meta name=\"author\" content=\"Firmalex\" \/>\n<meta name=\"twitter:card\" content=\"summary_large_image\" \/>\n<meta name=\"twitter:label1\" content=\"Verfasst von\" \/>\n\t<meta name=\"twitter:data1\" content=\"Firmalex\" \/>\n\t<meta name=\"twitter:label2\" content=\"Gesch\u00e4tzte Lesezeit\" \/>\n\t<meta name=\"twitter:data2\" content=\"5\u00a0Minuten\" \/>\n<script type=\"application\/ld+json\" class=\"yoast-schema-graph\">{\"@context\":\"https:\/\/schema.org\",\"@graph\":[{\"@type\":\"Article\",\"@id\":\"https:\/\/firmalex.com\/de\/2025\/04\/11\/ich-moechte-dass-mein-sohn-mein-erbe-nicht-erhaelt-ist-das-moeglich\/#article\",\"isPartOf\":{\"@id\":\"https:\/\/firmalex.com\/de\/2025\/04\/11\/ich-moechte-dass-mein-sohn-mein-erbe-nicht-erhaelt-ist-das-moeglich\/\"},\"author\":{\"name\":\"Firmalex\",\"@id\":\"https:\/\/firmalex.com\/#\/schema\/person\/910549a246ed3ba83a193ed7ecbb51d2\"},\"headline\":\"Ich m\u00f6chte, dass mein Sohn mein Erbe nicht erh\u00e4lt. Ist das m\u00f6glich?\",\"datePublished\":\"2025-04-11T08:22:39+00:00\",\"dateModified\":\"2025-05-16T15:03:09+00:00\",\"mainEntityOfPage\":{\"@id\":\"https:\/\/firmalex.com\/de\/2025\/04\/11\/ich-moechte-dass-mein-sohn-mein-erbe-nicht-erhaelt-ist-das-moeglich\/\"},\"wordCount\":956,\"publisher\":{\"@id\":\"https:\/\/firmalex.com\/#organization\"},\"image\":{\"@id\":\"https:\/\/firmalex.com\/de\/2025\/04\/11\/ich-moechte-dass-mein-sohn-mein-erbe-nicht-erhaelt-ist-das-moeglich\/#primaryimage\"},\"thumbnailUrl\":\"https:\/\/firmalex.com\/wp-content\/uploads\/2025\/04\/Ich-mochte-meinem-Sohn-kein-Erbe-hinterlassen-ist-das-moglich.jpg\",\"articleSection\":[\"Erbschaft in Spanien\",\"Neueste Artikel\",\"Rechtliche Beratung\"],\"inLanguage\":\"de\"},{\"@type\":\"WebPage\",\"@id\":\"https:\/\/firmalex.com\/de\/2025\/04\/11\/ich-moechte-dass-mein-sohn-mein-erbe-nicht-erhaelt-ist-das-moeglich\/\",\"url\":\"https:\/\/firmalex.com\/de\/2025\/04\/11\/ich-moechte-dass-mein-sohn-mein-erbe-nicht-erhaelt-ist-das-moeglich\/\",\"name\":\"Ich m\u00f6chte, dass mein Sohn mein Erbe nicht erh\u00e4lt. Ist das m\u00f6glich? - FIRMALEX\",\"isPartOf\":{\"@id\":\"https:\/\/firmalex.com\/#website\"},\"primaryImageOfPage\":{\"@id\":\"https:\/\/firmalex.com\/de\/2025\/04\/11\/ich-moechte-dass-mein-sohn-mein-erbe-nicht-erhaelt-ist-das-moeglich\/#primaryimage\"},\"image\":{\"@id\":\"https:\/\/firmalex.com\/de\/2025\/04\/11\/ich-moechte-dass-mein-sohn-mein-erbe-nicht-erhaelt-ist-das-moeglich\/#primaryimage\"},\"thumbnailUrl\":\"https:\/\/firmalex.com\/wp-content\/uploads\/2025\/04\/Ich-mochte-meinem-Sohn-kein-Erbe-hinterlassen-ist-das-moglich.jpg\",\"datePublished\":\"2025-04-11T08:22:39+00:00\",\"dateModified\":\"2025-05-16T15:03:09+00:00\",\"breadcrumb\":{\"@id\":\"https:\/\/firmalex.com\/de\/2025\/04\/11\/ich-moechte-dass-mein-sohn-mein-erbe-nicht-erhaelt-ist-das-moeglich\/#breadcrumb\"},\"inLanguage\":\"de\",\"potentialAction\":[{\"@type\":\"ReadAction\",\"target\":[\"https:\/\/firmalex.com\/de\/2025\/04\/11\/ich-moechte-dass-mein-sohn-mein-erbe-nicht-erhaelt-ist-das-moeglich\/\"]}]},{\"@type\":\"ImageObject\",\"inLanguage\":\"de\",\"@id\":\"https:\/\/firmalex.com\/de\/2025\/04\/11\/ich-moechte-dass-mein-sohn-mein-erbe-nicht-erhaelt-ist-das-moeglich\/#primaryimage\",\"url\":\"https:\/\/firmalex.com\/wp-content\/uploads\/2025\/04\/Ich-mochte-meinem-Sohn-kein-Erbe-hinterlassen-ist-das-moglich.jpg\",\"contentUrl\":\"https:\/\/firmalex.com\/wp-content\/uploads\/2025\/04\/Ich-mochte-meinem-Sohn-kein-Erbe-hinterlassen-ist-das-moglich.jpg\",\"width\":1200,\"height\":630},{\"@type\":\"BreadcrumbList\",\"@id\":\"https:\/\/firmalex.com\/de\/2025\/04\/11\/ich-moechte-dass-mein-sohn-mein-erbe-nicht-erhaelt-ist-das-moeglich\/#breadcrumb\",\"itemListElement\":[{\"@type\":\"ListItem\",\"position\":1,\"name\":\"Portada\",\"item\":\"https:\/\/firmalex.com\/de\/\"},{\"@type\":\"ListItem\",\"position\":2,\"name\":\"Ich m\u00f6chte, dass mein Sohn mein Erbe nicht erh\u00e4lt. Ist das m\u00f6glich?\"}]},{\"@type\":\"WebSite\",\"@id\":\"https:\/\/firmalex.com\/#website\",\"url\":\"https:\/\/firmalex.com\/\",\"name\":\"FIRMALEX\",\"description\":\"Rechts-, Steuer-, Arbeits-, Buchhaltungs- und Unternehmensberatung in Denia (Alicante) und Valencia [Spanien]. Anwalt und Steuerberater.\",\"publisher\":{\"@id\":\"https:\/\/firmalex.com\/#organization\"},\"potentialAction\":[{\"@type\":\"SearchAction\",\"target\":{\"@type\":\"EntryPoint\",\"urlTemplate\":\"https:\/\/firmalex.com\/?s={search_term_string}\"},\"query-input\":{\"@type\":\"PropertyValueSpecification\",\"valueRequired\":true,\"valueName\":\"search_term_string\"}}],\"inLanguage\":\"de\"},{\"@type\":\"Organization\",\"@id\":\"https:\/\/firmalex.com\/#organization\",\"name\":\"Firmalex\",\"url\":\"https:\/\/firmalex.com\/\",\"logo\":{\"@type\":\"ImageObject\",\"inLanguage\":\"de\",\"@id\":\"https:\/\/firmalex.com\/#\/schema\/logo\/image\/\",\"url\":\"https:\/\/firmalex.com\/wp-content\/uploads\/2015\/02\/logo.jpg\",\"contentUrl\":\"https:\/\/firmalex.com\/wp-content\/uploads\/2015\/02\/logo.jpg\",\"width\":371,\"height\":161,\"caption\":\"Firmalex\"},\"image\":{\"@id\":\"https:\/\/firmalex.com\/#\/schema\/logo\/image\/\"}},{\"@type\":\"Person\",\"@id\":\"https:\/\/firmalex.com\/#\/schema\/person\/910549a246ed3ba83a193ed7ecbb51d2\",\"name\":\"Firmalex\",\"image\":{\"@type\":\"ImageObject\",\"inLanguage\":\"de\",\"@id\":\"https:\/\/firmalex.com\/#\/schema\/person\/image\/\",\"url\":\"https:\/\/secure.gravatar.com\/avatar\/7f6db6b06d3c80b6856de62666826e8b?s=96&d=blank&r=g\",\"contentUrl\":\"https:\/\/secure.gravatar.com\/avatar\/7f6db6b06d3c80b6856de62666826e8b?s=96&d=blank&r=g\",\"caption\":\"Firmalex\"},\"sameAs\":[\"https:\/\/firmalex.com\"]}]}<\/script>\n<!-- \/ Yoast SEO plugin. -->","yoast_head_json":{"title":"Ich m\u00f6chte, dass mein Sohn mein Erbe nicht erh\u00e4lt. Ist das m\u00f6glich? - FIRMALEX","robots":{"index":"index","follow":"follow","max-snippet":"max-snippet:-1","max-image-preview":"max-image-preview:large","max-video-preview":"max-video-preview:-1"},"canonical":"https:\/\/firmalex.com\/de\/2025\/04\/11\/ich-moechte-dass-mein-sohn-mein-erbe-nicht-erhaelt-ist-das-moeglich\/","og_locale":"de_DE","og_type":"article","og_title":"Ich m\u00f6chte, dass mein Sohn mein Erbe nicht erh\u00e4lt. Ist das m\u00f6glich? - FIRMALEX","og_description":"Kinder sind f\u00fcr ihre Eltern die wichtigsten Menschen. Aber das ist nicht immer so. Manchmal gehen Beziehungen in die Br\u00fcche oder Kinder verhalten sich ihren Eltern gegen\u00fcber verletzend. In diesem Fall k\u00f6nnen die Eltern ihren Kindern ihr gesetzliches Erbrecht nur deshalb entziehen, weil es ihre Kinder sind. Sehen wir uns das einmal an. Wer sind [&hellip;]","og_url":"https:\/\/firmalex.com\/de\/2025\/04\/11\/ich-moechte-dass-mein-sohn-mein-erbe-nicht-erhaelt-ist-das-moeglich\/","og_site_name":"FIRMALEX","article_published_time":"2025-04-11T08:22:39+00:00","article_modified_time":"2025-05-16T15:03:09+00:00","og_image":[{"width":1200,"height":630,"url":"https:\/\/firmalex.com\/wp-content\/uploads\/2025\/04\/Ich-mochte-meinem-Sohn-kein-Erbe-hinterlassen-ist-das-moglich.jpg","type":"image\/jpeg"}],"author":"Firmalex","twitter_card":"summary_large_image","twitter_misc":{"Verfasst von":"Firmalex","Gesch\u00e4tzte Lesezeit":"5\u00a0Minuten"},"schema":{"@context":"https:\/\/schema.org","@graph":[{"@type":"Article","@id":"https:\/\/firmalex.com\/de\/2025\/04\/11\/ich-moechte-dass-mein-sohn-mein-erbe-nicht-erhaelt-ist-das-moeglich\/#article","isPartOf":{"@id":"https:\/\/firmalex.com\/de\/2025\/04\/11\/ich-moechte-dass-mein-sohn-mein-erbe-nicht-erhaelt-ist-das-moeglich\/"},"author":{"name":"Firmalex","@id":"https:\/\/firmalex.com\/#\/schema\/person\/910549a246ed3ba83a193ed7ecbb51d2"},"headline":"Ich m\u00f6chte, dass mein Sohn mein Erbe nicht erh\u00e4lt. Ist das m\u00f6glich?","datePublished":"2025-04-11T08:22:39+00:00","dateModified":"2025-05-16T15:03:09+00:00","mainEntityOfPage":{"@id":"https:\/\/firmalex.com\/de\/2025\/04\/11\/ich-moechte-dass-mein-sohn-mein-erbe-nicht-erhaelt-ist-das-moeglich\/"},"wordCount":956,"publisher":{"@id":"https:\/\/firmalex.com\/#organization"},"image":{"@id":"https:\/\/firmalex.com\/de\/2025\/04\/11\/ich-moechte-dass-mein-sohn-mein-erbe-nicht-erhaelt-ist-das-moeglich\/#primaryimage"},"thumbnailUrl":"https:\/\/firmalex.com\/wp-content\/uploads\/2025\/04\/Ich-mochte-meinem-Sohn-kein-Erbe-hinterlassen-ist-das-moglich.jpg","articleSection":["Erbschaft in Spanien","Neueste Artikel","Rechtliche Beratung"],"inLanguage":"de"},{"@type":"WebPage","@id":"https:\/\/firmalex.com\/de\/2025\/04\/11\/ich-moechte-dass-mein-sohn-mein-erbe-nicht-erhaelt-ist-das-moeglich\/","url":"https:\/\/firmalex.com\/de\/2025\/04\/11\/ich-moechte-dass-mein-sohn-mein-erbe-nicht-erhaelt-ist-das-moeglich\/","name":"Ich m\u00f6chte, dass mein Sohn mein Erbe nicht erh\u00e4lt. Ist das m\u00f6glich? - FIRMALEX","isPartOf":{"@id":"https:\/\/firmalex.com\/#website"},"primaryImageOfPage":{"@id":"https:\/\/firmalex.com\/de\/2025\/04\/11\/ich-moechte-dass-mein-sohn-mein-erbe-nicht-erhaelt-ist-das-moeglich\/#primaryimage"},"image":{"@id":"https:\/\/firmalex.com\/de\/2025\/04\/11\/ich-moechte-dass-mein-sohn-mein-erbe-nicht-erhaelt-ist-das-moeglich\/#primaryimage"},"thumbnailUrl":"https:\/\/firmalex.com\/wp-content\/uploads\/2025\/04\/Ich-mochte-meinem-Sohn-kein-Erbe-hinterlassen-ist-das-moglich.jpg","datePublished":"2025-04-11T08:22:39+00:00","dateModified":"2025-05-16T15:03:09+00:00","breadcrumb":{"@id":"https:\/\/firmalex.com\/de\/2025\/04\/11\/ich-moechte-dass-mein-sohn-mein-erbe-nicht-erhaelt-ist-das-moeglich\/#breadcrumb"},"inLanguage":"de","potentialAction":[{"@type":"ReadAction","target":["https:\/\/firmalex.com\/de\/2025\/04\/11\/ich-moechte-dass-mein-sohn-mein-erbe-nicht-erhaelt-ist-das-moeglich\/"]}]},{"@type":"ImageObject","inLanguage":"de","@id":"https:\/\/firmalex.com\/de\/2025\/04\/11\/ich-moechte-dass-mein-sohn-mein-erbe-nicht-erhaelt-ist-das-moeglich\/#primaryimage","url":"https:\/\/firmalex.com\/wp-content\/uploads\/2025\/04\/Ich-mochte-meinem-Sohn-kein-Erbe-hinterlassen-ist-das-moglich.jpg","contentUrl":"https:\/\/firmalex.com\/wp-content\/uploads\/2025\/04\/Ich-mochte-meinem-Sohn-kein-Erbe-hinterlassen-ist-das-moglich.jpg","width":1200,"height":630},{"@type":"BreadcrumbList","@id":"https:\/\/firmalex.com\/de\/2025\/04\/11\/ich-moechte-dass-mein-sohn-mein-erbe-nicht-erhaelt-ist-das-moeglich\/#breadcrumb","itemListElement":[{"@type":"ListItem","position":1,"name":"Portada","item":"https:\/\/firmalex.com\/de\/"},{"@type":"ListItem","position":2,"name":"Ich m\u00f6chte, dass mein Sohn mein Erbe nicht erh\u00e4lt. Ist das m\u00f6glich?"}]},{"@type":"WebSite","@id":"https:\/\/firmalex.com\/#website","url":"https:\/\/firmalex.com\/","name":"FIRMALEX","description":"Rechts-, Steuer-, Arbeits-, Buchhaltungs- und Unternehmensberatung in Denia (Alicante) und Valencia [Spanien]. Anwalt und Steuerberater.","publisher":{"@id":"https:\/\/firmalex.com\/#organization"},"potentialAction":[{"@type":"SearchAction","target":{"@type":"EntryPoint","urlTemplate":"https:\/\/firmalex.com\/?s={search_term_string}"},"query-input":{"@type":"PropertyValueSpecification","valueRequired":true,"valueName":"search_term_string"}}],"inLanguage":"de"},{"@type":"Organization","@id":"https:\/\/firmalex.com\/#organization","name":"Firmalex","url":"https:\/\/firmalex.com\/","logo":{"@type":"ImageObject","inLanguage":"de","@id":"https:\/\/firmalex.com\/#\/schema\/logo\/image\/","url":"https:\/\/firmalex.com\/wp-content\/uploads\/2015\/02\/logo.jpg","contentUrl":"https:\/\/firmalex.com\/wp-content\/uploads\/2015\/02\/logo.jpg","width":371,"height":161,"caption":"Firmalex"},"image":{"@id":"https:\/\/firmalex.com\/#\/schema\/logo\/image\/"}},{"@type":"Person","@id":"https:\/\/firmalex.com\/#\/schema\/person\/910549a246ed3ba83a193ed7ecbb51d2","name":"Firmalex","image":{"@type":"ImageObject","inLanguage":"de","@id":"https:\/\/firmalex.com\/#\/schema\/person\/image\/","url":"https:\/\/secure.gravatar.com\/avatar\/7f6db6b06d3c80b6856de62666826e8b?s=96&d=blank&r=g","contentUrl":"https:\/\/secure.gravatar.com\/avatar\/7f6db6b06d3c80b6856de62666826e8b?s=96&d=blank&r=g","caption":"Firmalex"},"sameAs":["https:\/\/firmalex.com"]}]}},"_links":{"self":[{"href":"https:\/\/firmalex.com\/de\/wp-json\/wp\/v2\/posts\/13771"}],"collection":[{"href":"https:\/\/firmalex.com\/de\/wp-json\/wp\/v2\/posts"}],"about":[{"href":"https:\/\/firmalex.com\/de\/wp-json\/wp\/v2\/types\/post"}],"author":[{"embeddable":true,"href":"https:\/\/firmalex.com\/de\/wp-json\/wp\/v2\/users\/2"}],"replies":[{"embeddable":true,"href":"https:\/\/firmalex.com\/de\/wp-json\/wp\/v2\/comments?post=13771"}],"version-history":[{"count":5,"href":"https:\/\/firmalex.com\/de\/wp-json\/wp\/v2\/posts\/13771\/revisions"}],"predecessor-version":[{"id":13840,"href":"https:\/\/firmalex.com\/de\/wp-json\/wp\/v2\/posts\/13771\/revisions\/13840"}],"wp:featuredmedia":[{"embeddable":true,"href":"https:\/\/firmalex.com\/de\/wp-json\/wp\/v2\/media\/13772"}],"wp:attachment":[{"href":"https:\/\/firmalex.com\/de\/wp-json\/wp\/v2\/media?parent=13771"}],"wp:term":[{"taxonomy":"category","embeddable":true,"href":"https:\/\/firmalex.com\/de\/wp-json\/wp\/v2\/categories?post=13771"},{"taxonomy":"post_tag","embeddable":true,"href":"https:\/\/firmalex.com\/de\/wp-json\/wp\/v2\/tags?post=13771"}],"curies":[{"name":"wp","href":"https:\/\/api.w.org\/{rel}","templated":true}]}}